{"id":1045,"date":"2012-11-06T22:42:07","date_gmt":"2012-11-06T21:42:07","guid":{"rendered":"http:\/\/www.antifaschistische-linke.de\/?p=1045"},"modified":"2012-12-16T18:32:28","modified_gmt":"2012-12-16T17:32:28","slug":"remembering-means-fighting-veranstaltungsreihe-im-dezember","status":"publish","type":"post","link":"https:\/\/www.antifaschistische-linke.de\/?p=1045","title":{"rendered":"Remembering means fighting &#8211; antifaschistische Gedenk- &#038; Veranstaltungsreihe im Dezember"},"content":{"rendered":"<p><strong><a href=\"http:\/\/www.antifaschistische-linke.de\/?attachment_id=1070\" rel=\"attachment wp-att-1070\"><img decoding=\"async\" loading=\"lazy\" class=\"alignleft  wp-image-1070\" style=\"margin: 5px;\" title=\"druckversion fertig\" alt=\"\" src=\"http:\/\/www.antifaschistische-linke.de\/wp-content\/uploads\/druckversion-fertig-363x1024.jpg\" width=\"105\" height=\"294\" \/><\/a><\/strong><\/p>\n<p><em>\u201eLasst nie zu, dass das Verm\u00e4chtnis des Widerstandes revidiert wird oder in Vergessenheit versinkt!\u201c<\/em><\/p>\n<p>Diesen Auszug aus dem &#8222;Appell an die Jugend&#8220; Esther Bejarano und Peter Gingolds 1997 wollen wir Ernst nehmen. Wir veranstalten diese Reihe mit Filmvorf\u00fchrung, Veranstaltung und Konzert um allen aktiven Widerstandsk\u00e4mpferinnen und Widerstandsk\u00e4mpfern gegen den Faschismus zu gedenken.<br \/>\nWir haben bewusst als Beispiel Peter Gingold ausgew\u00e4hlt, weil wir seinen Lebenslauf schlichtweg f\u00fcr beeindruckend halten.<\/p>\n<p>Peter Gingold, geboren am 8.M\u00e4rz 1916, aufgewachsen in Frankfurt, musste schon fr\u00fch aus Deutschland vor der zunehmenden Verfolgung von J\u00fcdinnen und Juden fliehen. Er lebte in Paris und wurde als deutscher Antifaschist aktiv in der franz\u00f6sischen R\u00e9sistance. 1945 kehrte Peter Gingold nach Frankfurt am Main zur\u00fcck und war aktiv in der KPD. Peter Gingold war Zeit seines Lebens gegen Krieg und Faschismus aktiv, hielt unz\u00e4hlige Veranstaltungen um jungen Menschen aufzuzeigen, wie wichtig ein Engagement gegen Faschismus ist. Bis ins hohe Alter wurde er nicht m\u00fcde, sich alten und neuen Nazis, Rassismus, Antisemitismus und faschistischen Tendenzen in den Weg zu stellen, weswegen wir uns mit seinem Leben stellvertretend f\u00fcr das der vielen aktiven antifaschistischen und kommunistischen Widerstandsk\u00e4mpferinnen und Widerstandsk\u00e4mpfer besch\u00e4ftigen wollen. Peter Gingold starb am 29. Oktober 2006.<\/p>\n<p><strong>Remembering means fighting! Nichts und niemand ist vergessen!<\/strong><\/p>\n<p><em>\u201eZuviel an Not und Tod, an KZ-Qualen, an Verw\u00fcstung und Vernichtung, an millionenfachen Mord hat der Faschismus gebracht, sodass es nichts Wichtigeres geben kann, als Aufstehen gegen jede Erscheinung von Rassismus, Antisemitismus, Ausl\u00e4nderfeindlichkeit, Neofaschismus, Militarismus.\u201c<\/em> \u2013 Peter Gingold, 26. September 2000 auf dem M\u00fcnchener Marienplatz<\/p>\n<p><strong>Samstag | 15.12.2012 | ab 19 Uhr | <a href=\"http:\/\/www.slowclub-freiburg.de\/\">Slow Club<\/a> Freiburg<\/strong><br \/>\n<a href=\"http:\/\/www.antifaschistische-linke.de\/?page_id=8&amp;event=43\">Remembering means fighting &#8211; das Konzert zur Reihe<\/a><br \/>\n<strong>Film:<\/strong> 300 Juden gegen Franco (D 2008 &#8211; 58 Minuten)<br \/>\n<strong>Konzert:<\/strong> Dulac (Post Punk\/Wiesbaden), Wasted Youth (HC Punk\/Schw\u00e4bisch Gm\u00fcnd), Peng! Peng! (Garage Punk\/Freiburg)<br \/>\n<strong>Eintritt:<\/strong> 5 Euro bis Filmbeginn, danach 7 Euro<\/p>\n<p><strong>Montag | 17.12.2012 | 20 Uhr | <a href=\"http:\/\/www.liz-freiburg.org\">Linkes Zentrum<\/a> Freiburg<\/strong><br \/>\n<strong>Vortrag:<\/strong> <a href=\"http:\/\/www.antifaschistische-linke.de\/?page_id=8&amp;event=44\">Leben und Wirken von Peter Gingold<\/a><br \/>\n<strong>Referent:<\/strong> Dr. Ulrich Schneider (Hrsg. von &#8222;Paris &#8211; Boulevard St. Martin No. 11&#8220; von Peter Gingold, VVN-BdA Bundessprecher, Historiker)<br \/>\n<strong>Eintritt frei!<\/strong><\/p>\n<p><strong>Donnerstag | 20.12.2012 | 20 Uhr | <a href=\"http:\/\/www.liz-freiburg.org\">Linkes Zentrum<\/a> Freiburg<\/strong><br \/>\n<strong>Vortrag &amp; Film:<\/strong> <a href=\"http:\/\/www.antifaschistische-linke.de\/?page_id=8&amp;event=45\">Zeit f\u00fcr Zeugen &#8211; Eine Hommage an Ettie und Peter Gingold<\/a><br \/>\n<strong>Referenten:<\/strong> Mathias Meyers und Tidi von Tiedemann (Macher des Dokumentarfilms der &#8222;Ettie- und Peter-Gingold-Erinnerungsinitiative)<br \/>\n<strong>Eintritt frei!<\/strong><\/p>\n<p>Bei der Durchf\u00fchrung der Reihe werden wir unterst\u00fctzt von der <a href=\"http:\/\/www.vvn-bda.de\/\">Vereinigung der Verfolgten des Naziregimes &#8211; Bund der Antifaschistinnen und Antifaschisten<\/a> (VVN-BdA) <a href=\"http:\/\/freiburg.vvn-bda.de\/\">Freiburg<\/a> und <a href=\"http:\/\/ortenau.vvn-bda.de\/\">Ortenau<\/a>, dem <a href=\"http:\/\/www.oat-freiburg.tk\">Offenen Antifa Treffen (OAT)<\/a> Freiburg &amp; Region, der <a href=\"http:\/\/straightaheadcrew.blogsport.de\/\">Straight Ahead Crew<\/a> und der <a href=\"http:\/\/www.druckwerkstatt-renchen.de\/\">Druckwerkstatt Renchen<\/a>.<\/p>\n<p>Die Veranstaltungsreihe wird von der <a href=\"http:\/\/www.rlf-bw.de\/\">Rosa-Luxemburg-Stiftung<\/a> Baden-W\u00fcrttemberg gef\u00f6rdert.<\/p>\n<p>An dieser Stelle wollen wir noch den <a href=\"http:\/\/af.autonome-antifa.org\/?breve2677\">Nachruf <\/a>der Antifa Freiburg auf Peter Gingold dokumentieren. Desweiteren hier der <a href=\"http:\/\/af.autonome-antifa.org\/?article527\">Aufruf<\/a> zur Trauerfeier in Freiburg von der VVN &#8211; BdA Freiburg und der Antifa Freiburg. Hier noch ein weiterer <a href=\"http:\/\/de.indymedia.org\/2006\/10\/160442.shtml\">Nachruf<\/a>.<\/p>\n","protected":false},"excerpt":{"rendered":"<p>\u201eLasst nie zu, dass das Verm\u00e4chtnis des Widerstandes revidiert wird oder in Vergessenheit versinkt!\u201c Diesen Auszug aus dem &#8222;Appell an die Jugend&#8220; Esther Bejarano und Peter Gingolds 1997 wollen wir Ernst nehmen. Wir veranstalten diese Reihe mit Filmvorf\u00fchrung, Veranstaltung und Konzert um allen aktiven Widerstandsk\u00e4mpferinnen und Widerstandsk\u00e4mpfern gegen den Faschismus zu gedenken. Wir haben bewusst [&hellip;]<\/p>\n","protected":false},"author":1,"featured_media":0,"comment_status":"closed","ping_status":"closed","sticky":false,"template":"","format":"standard","meta":[],"categories":[1,7,11],"tags":[17,13,33,36,57,58],"_links":{"self":[{"href":"https:\/\/www.antifaschistische-linke.de\/index.php?rest_route=\/wp\/v2\/posts\/1045"}],"collection":[{"href":"https:\/\/www.antifaschistische-linke.de\/index.php?rest_route=\/wp\/v2\/posts"}],"about":[{"href":"https:\/\/www.antifaschistische-linke.de\/index.php?rest_route=\/wp\/v2\/types\/post"}],"author":[{"embeddable":true,"href":"https:\/\/www.antifaschistische-linke.de\/index.php?rest_route=\/wp\/v2\/users\/1"}],"replies":[{"embeddable":true,"href":"https:\/\/www.antifaschistische-linke.de\/index.php?rest_route=%2Fwp%2Fv2%2Fcomments&post=1045"}],"version-history":[{"count":0,"href":"https:\/\/www.antifaschistische-linke.de\/index.php?rest_route=\/wp\/v2\/posts\/1045\/revisions"}],"wp:attachment":[{"href":"https:\/\/www.antifaschistische-linke.de\/index.php?rest_route=%2Fwp%2Fv2%2Fmedia&parent=1045"}],"wp:term":[{"taxonomy":"category","embeddable":true,"href":"https:\/\/www.antifaschistische-linke.de\/index.php?rest_route=%2Fwp%2Fv2%2Fcategories&post=1045"},{"taxonomy":"post_tag","embeddable":true,"href":"https:\/\/www.antifaschistische-linke.de\/index.php?rest_route=%2Fwp%2Fv2%2Ftags&post=1045"}],"curies":[{"name":"wp","href":"https:\/\/api.w.org\/{rel}","templated":true}]}}