{"id":1078,"date":"2012-11-13T16:19:25","date_gmt":"2012-11-13T15:19:25","guid":{"rendered":"http:\/\/www.antifaschistische-linke.de\/?p=1078"},"modified":"2012-11-16T18:20:38","modified_gmt":"2012-11-16T17:20:38","slug":"ni-olvido-ni-perdon-5-todestag-von-carlos","status":"publish","type":"post","link":"https:\/\/www.antifaschistische-linke.de\/?p=1078","title":{"rendered":"\u00a1Ni olvido ni perd\u00f3n! &#8211; 5.Todestag von Carlos"},"content":{"rendered":"<p><img decoding=\"async\" src=\"http:\/\/www.antifaschistische-linke.de\/wp-content\/uploads\/carlos-207x300.jpg\" alt=\"carlos\" width=\"50\" align=\"left\" \/> <em>Dienstag, 13.11.2012<\/em><br \/>\n<strong>Madrid.<\/strong> Am 11. November 2007 wurde der <strong><\/strong>damals 16 j\u00e4hrige Antifaschist Carlos Javier Palomino in der Metro von Madrid an der Haltestelle Legazpi niedergestochen, als er mit Genossen auf dem Weg zu Protesten gegen die &#8222;Democracia Nacional&#8220; unter dem Motto &#8222;Gegen anti-spanischen Rassismus und gegen die Immigration&#8220; war. Sein M\u00f6rder ist der (jetzt Ex-) Berufssolda<strong><\/strong>t Josu\u00e9 Est\u00e9banez de la Hija, der sich ebenfalls in der Metro aufhielt, um zu der faschistischen Kundgebung zu fahren. Als Carlos und seine Genossen zustiegen, ihn als Faschisten erkennen und ansprechen, stach er mit einem bereitgehaltenen Messer Carlos&#8216; direkt ins Herz und verletzte noch weitere Antifaschisten. \u00dcber ein Jahr lang fanden verschiedenste Gedenkaktivit\u00e4ten statt, welche in dem <a href=\"http:\/\/www.youtube.com\/watch?v=qyAV65U_NRQ\">Film<\/a> &#8222;Carlos, un a\u00f1o sin ti, un a\u00f1o contigo &#8211; El mejor homenaje, continuar la lucha.&#8220; dokumentiert werden. Die Antifaschistische Jugend Bochum <a href=\"http:\/\/ajb.blogsport.de\/2009\/04\/22\/madrid-der-faschistische-mord-an-carlos-palomino\/\">interviewte<\/a> im April 2009 die Mutter Carlos&#8216;. Der Faschist wurde zu 26 Jahren Haft verurteilt, 19 f\u00fcr den ideologisch motvierten Mord an Carlos, 7 Jahre f\u00fcr die versuchte T\u00f6tung eines weiteren Antifaschisten. Kein Vergeben, kein Vergessen! \u2013 \u00a1Ni olvido ni perd\u00f3n!<\/p>\n","protected":false},"excerpt":{"rendered":"<p>Dienstag, 13.11.2012 Madrid. Am 11. November 2007 wurde der damals 16 j\u00e4hrige Antifaschist Carlos Javier Palomino in der Metro von Madrid an der Haltestelle Legazpi niedergestochen, als er mit Genossen auf dem Weg zu Protesten gegen die &#8222;Democracia Nacional&#8220; unter dem Motto &#8222;Gegen anti-spanischen Rassismus und gegen die Immigration&#8220; war. Sein M\u00f6rder ist der (jetzt [&hellip;]<\/p>\n","protected":false},"author":1,"featured_media":0,"comment_status":"closed","ping_status":"closed","sticky":false,"template":"","format":"standard","meta":[],"categories":[3],"tags":[65,66,67],"_links":{"self":[{"href":"https:\/\/www.antifaschistische-linke.de\/index.php?rest_route=\/wp\/v2\/posts\/1078"}],"collection":[{"href":"https:\/\/www.antifaschistische-linke.de\/index.php?rest_route=\/wp\/v2\/posts"}],"about":[{"href":"https:\/\/www.antifaschistische-linke.de\/index.php?rest_route=\/wp\/v2\/types\/post"}],"author":[{"embeddable":true,"href":"https:\/\/www.antifaschistische-linke.de\/index.php?rest_route=\/wp\/v2\/users\/1"}],"replies":[{"embeddable":true,"href":"https:\/\/www.antifaschistische-linke.de\/index.php?rest_route=%2Fwp%2Fv2%2Fcomments&post=1078"}],"version-history":[{"count":0,"href":"https:\/\/www.antifaschistische-linke.de\/index.php?rest_route=\/wp\/v2\/posts\/1078\/revisions"}],"wp:attachment":[{"href":"https:\/\/www.antifaschistische-linke.de\/index.php?rest_route=%2Fwp%2Fv2%2Fmedia&parent=1078"}],"wp:term":[{"taxonomy":"category","embeddable":true,"href":"https:\/\/www.antifaschistische-linke.de\/index.php?rest_route=%2Fwp%2Fv2%2Fcategories&post=1078"},{"taxonomy":"post_tag","embeddable":true,"href":"https:\/\/www.antifaschistische-linke.de\/index.php?rest_route=%2Fwp%2Fv2%2Ftags&post=1078"}],"curies":[{"name":"wp","href":"https:\/\/api.w.org\/{rel}","templated":true}]}}