{"id":123,"date":"2009-10-20T16:08:41","date_gmt":"2009-10-20T14:08:41","guid":{"rendered":"http:\/\/alfr.blogsport.de\/2009\/10\/20\/soliaktionen-fuer-die-verurteilten-genossen-im-mg-prozess\/"},"modified":"2009-10-20T16:08:41","modified_gmt":"2009-10-20T14:08:41","slug":"soliaktionen-fuer-die-verurteilten-genossen-im-mg-prozess","status":"publish","type":"post","link":"https:\/\/www.antifaschistische-linke.de\/?p=123","title":{"rendered":"Soliaktionen f\u00fcr die verurteilten Genossen im \u201emg-Prozess\u201c"},"content":{"rendered":"<p><img decoding=\"async\" src=\"http:\/\/www.antifaschistische-linke.de\/Bilder\/rotehilfeklein.jpg\" align=\"left\" alt=\"Solidarit\u00e4t ist eine Waffe!\"\/><em>Dienstag, 20.10.2009<\/em><br \/><strong>Bundesweit.<\/strong> Nach der <a href=\"http:\/\/alfr.blogsport.de\/2009\/10\/18\/urteile-im-mg-prozess-gesprochen\/\">Verurteilung<\/a> von Axel, Oliver und Florian am 16. Oktober 2009 im sogenannten &#8222;mg-Prozess&#8220; fanden in den darauffolgenden Tagen bundesweit Solidarit\u00e4ts-Aktionen f\u00fcr unsere Genossen statt. In <a href=\"http:\/\/linksunten.indymedia.org\/de\/node\/12657\">Freiburg<\/a> wurde ein Transparent von einer Br\u00fccke geh\u00e4ngt. In <a href=\"http:\/\/linksunten.indymedia.org\/de\/node\/12633\">Stuttgart<\/a> gab es eine Kundgebung, in <a href=\"http:\/\/linksunten.indymedia.org\/de\/node\/12616\">Duisburg<\/a> eine Spontandemonstration, in <a href=\"http:\/\/de.indymedia.org\/2009\/10\/263650.shtml\">Hamburg<\/a> und <a href=\"http:\/\/www.stattweb.de\/baseportal\/NewsDetail&#038;db=News&#038;Id=6277\">Berlin<\/a> ebenfalls Demonstrationen. <a href=\"http:\/\/einstellung.so36.net\/\">Mehr Infos<\/a><\/p>\n","protected":false},"excerpt":{"rendered":"<p>Dienstag, 20.10.2009Bundesweit. Nach der Verurteilung von Axel, Oliver und Florian am 16. Oktober 2009 im sogenannten &#8222;mg-Prozess&#8220; fanden in den darauffolgenden Tagen bundesweit Solidarit\u00e4ts-Aktionen f\u00fcr unsere Genossen statt. In Freiburg wurde ein Transparent von einer Br\u00fccke geh\u00e4ngt. In Stuttgart gab es eine Kundgebung, in Duisburg eine Spontandemonstration, in Hamburg und Berlin ebenfalls Demonstrationen. Mehr Infos<\/p>\n","protected":false},"author":1,"featured_media":0,"comment_status":"closed","ping_status":"closed","sticky":false,"template":"","format":"standard","meta":[],"categories":[1],"tags":[],"_links":{"self":[{"href":"https:\/\/www.antifaschistische-linke.de\/index.php?rest_route=\/wp\/v2\/posts\/123"}],"collection":[{"href":"https:\/\/www.antifaschistische-linke.de\/index.php?rest_route=\/wp\/v2\/posts"}],"about":[{"href":"https:\/\/www.antifaschistische-linke.de\/index.php?rest_route=\/wp\/v2\/types\/post"}],"author":[{"embeddable":true,"href":"https:\/\/www.antifaschistische-linke.de\/index.php?rest_route=\/wp\/v2\/users\/1"}],"replies":[{"embeddable":true,"href":"https:\/\/www.antifaschistische-linke.de\/index.php?rest_route=%2Fwp%2Fv2%2Fcomments&post=123"}],"version-history":[{"count":0,"href":"https:\/\/www.antifaschistische-linke.de\/index.php?rest_route=\/wp\/v2\/posts\/123\/revisions"}],"wp:attachment":[{"href":"https:\/\/www.antifaschistische-linke.de\/index.php?rest_route=%2Fwp%2Fv2%2Fmedia&parent=123"}],"wp:term":[{"taxonomy":"category","embeddable":true,"href":"https:\/\/www.antifaschistische-linke.de\/index.php?rest_route=%2Fwp%2Fv2%2Fcategories&post=123"},{"taxonomy":"post_tag","embeddable":true,"href":"https:\/\/www.antifaschistische-linke.de\/index.php?rest_route=%2Fwp%2Fv2%2Ftags&post=123"}],"curies":[{"name":"wp","href":"https:\/\/api.w.org\/{rel}","templated":true}]}}