{"id":1238,"date":"2012-12-18T15:46:31","date_gmt":"2012-12-18T14:46:31","guid":{"rendered":"http:\/\/www.antifaschistische-linke.de\/?p=1238"},"modified":"2012-12-18T15:52:14","modified_gmt":"2012-12-18T14:52:14","slug":"solidaritat-mit-metin-aydin","status":"publish","type":"post","link":"https:\/\/www.antifaschistische-linke.de\/?p=1238","title":{"rendered":"Solidarit\u00e4t mit Metin Aydin!"},"content":{"rendered":"<p><a href=\"http:\/\/www.antifaschistische-linke.de\/wp-content\/uploads\/129ab_faust.gif\"><img decoding=\"async\" loading=\"lazy\" class=\"alignleft size-thumbnail wp-image-1241\" style=\"margin: 5px;\" alt=\"129ab_faust\" src=\"http:\/\/www.antifaschistische-linke.de\/wp-content\/uploads\/129ab_faust-180x180.gif\" width=\"180\" height=\"180\" \/><\/a><a href=\"http:\/\/www.political-prisoners.net\"><strong>www.political-prisoners.net<\/strong><\/a><\/p>\n<p>Am 1. November wurde der kurdische Aktivist <a href=\"http:\/\/political-prisoners.net\/item\/1769-bern-der-kurdische-aktivist-metin-aydin-darf-nicht-nach-deutschland-ausgeliefert-werden.html\">Metin Aydin<\/a> in einem Ambulanzfahrzeug aus der Schweiz nach Deutschland <a href=\"http:\/\/political-prisoners.net\/item\/1917-geschenk-an-erdogan.html\">ausgeliefert<\/a>. Metin, der als anerkannter politischer Fl\u00fcchtling in Frankreich lebte, wurde im Juli 2011 w\u00e4hrend einer Urlaubsreise in die Schweiz wegen eines Interpolauslieferungsgesuchs aus Deutschland festgenommen und befand sich seither in Isolationshaft in einem Auslieferungsgef\u00e4ngnis.<\/p>\n<p>In der Schweiz ist die PKK keine illegale Organisation und es gibt dort auch kein Auslieferungsabkommen mit der T\u00fcrkei. Um so brisanter stellt es sich dar, dass ein Tag nachdem der t\u00fcrkische Ministerpr\u00e4sident zum Staatsbesuch in der BRD war, Metin von der Schweiz nach Deutschland ausgeliefert wurde.<!--more (weiterlesen...)--><\/p>\n<p>Zum Zeitpunkt seiner Auslieferung befand sich Metin Aydin im 50. Tag im Hungerstreik und war in sehr schlechter k\u00f6rperlicher Verfassung, den er kurze Zeit sp\u00e4ter aus gesundheitlichen Gr\u00fcnden beendet hat. Bei seiner Auslieferung war er an H\u00e4nden und F\u00fcssen an ein Bett gefesselt. Seine gesundheitliche Situation hat sich zwar gebessert, jedoch hat er nach wie vor massive k\u00f6rperliche Probleme. Seit dem 30. November befindet sich Metin in der JVA Schw\u00e4bisch Hall.<\/p>\n<p>Hintergrund seiner Auslieferung ist, dass Metin Aydin mit Hilfe des Antiterrorparagraphen \u00a7129b vorgeworfen wird f\u00fcr die PKK (\u201ePartiya Karkeren Kurdistan\u201c) und deren Jugendorganisation (\u201eKomal\u00ean Ciwan\u201c) seit M\u00e4rz 2008 politisch aktiv gewesen zu sein und als \u201eKadermitglied\u201c junge Kurd*innen angeworben und ausgebildet zu haben. Die Anklageschrift gegen Metin Aydin, die Bestandteil des Auslieferungsverfahrens war, ist noch nicht fertig ausgearbeitet und es wird mit einem Prozess fr\u00fchestens im Februar 2013 gerechnet. Neben der Verurteilung von ihm als \u201eTerrorist\u201c droht ihm \u2013 nach Absitzen seiner Strafe \u2013 die Auslieferung in die T\u00fcrkei, also Knast, Folter und politische Verfolgung.<\/p>\n<p>Die Auslieferung Metin Aydins und der kommende Prozess gegen ihn reiht sich damit nahtlos ein in die Verfolgung migrantischer Organisationen mit Hilfe des \u00a7129b. Der Paragraph 129b stellt die \u201eMitgliedschaft in einer ausl\u00e4ndischen terroristischen Vereinigung\u201c unter Strafe und kann Haftstrafen von bis zu 10 Jahren nach sich ziehen. Bereits knapp 20 migrantische Linke sind mit diesem Paragraphen angeklagt und verurteilt worden. Auch den bisherigen Verurteilten droht jetzt die Abschiebung in die T\u00fcrkei. Neben der DHKP-C (Revolution\u00e4re Volksbefreiungspartei-Front) trifft dies vor allem die PKK, die seit Oktober 2010 in der BRD nicht l\u00e4nger als kriminell, sondern als terroristisch eingestuft wird.<\/p>\n<p>Mit dem Fall von Metin Aydin beweist die BRD einmal mehr, welche Rolle sie in der internationalen Aufstandsbek\u00e4mpfung spielt. Deswegen hei\u00dft es f\u00fcr uns in m\u00fchevoller Kleinstarbeit Tag f\u00fcr Tag Solidarit\u00e4t zu organisieren, die Gefangenen in unsere K\u00e4mpfe mit einzubeziehen und diesen \u2013 als deutlichsten Ausdruck der sich versch\u00e4rfenden Repression \u2013 unsere Solidarit\u00e4t zukommen zu lassen.<\/p>\n<p><strong>Zeigen wir Metin Aydin, dass er nicht alleine ist!<\/strong><br \/>\n<strong>Machen wir auf seinen Fall aufmerksam!<\/strong><br \/>\n<strong>Unterst\u00fctzen wir ihn in seinem Kampf und zeigen ihm unsere Solidarit\u00e4t!<\/strong><\/p>\n<p><strong>Solidarit\u00e4t ist eine Waffe! Nutzen wir sie!<\/strong><br \/>\n<strong>Solidarit\u00e4t mit Metin Aydin!<\/strong><\/p>\n","protected":false},"excerpt":{"rendered":"<p>www.political-prisoners.net Am 1. November wurde der kurdische Aktivist Metin Aydin in einem Ambulanzfahrzeug aus der Schweiz nach Deutschland ausgeliefert. Metin, der als anerkannter politischer Fl\u00fcchtling in Frankreich lebte, wurde im Juli 2011 w\u00e4hrend einer Urlaubsreise in die Schweiz wegen eines Interpolauslieferungsgesuchs aus Deutschland festgenommen und befand sich seither in Isolationshaft in einem Auslieferungsgef\u00e4ngnis. In der [&hellip;]<\/p>\n","protected":false},"author":1,"featured_media":0,"comment_status":"closed","ping_status":"closed","sticky":false,"template":"","format":"standard","meta":[],"categories":[8],"tags":[],"_links":{"self":[{"href":"https:\/\/www.antifaschistische-linke.de\/index.php?rest_route=\/wp\/v2\/posts\/1238"}],"collection":[{"href":"https:\/\/www.antifaschistische-linke.de\/index.php?rest_route=\/wp\/v2\/posts"}],"about":[{"href":"https:\/\/www.antifaschistische-linke.de\/index.php?rest_route=\/wp\/v2\/types\/post"}],"author":[{"embeddable":true,"href":"https:\/\/www.antifaschistische-linke.de\/index.php?rest_route=\/wp\/v2\/users\/1"}],"replies":[{"embeddable":true,"href":"https:\/\/www.antifaschistische-linke.de\/index.php?rest_route=%2Fwp%2Fv2%2Fcomments&post=1238"}],"version-history":[{"count":0,"href":"https:\/\/www.antifaschistische-linke.de\/index.php?rest_route=\/wp\/v2\/posts\/1238\/revisions"}],"wp:attachment":[{"href":"https:\/\/www.antifaschistische-linke.de\/index.php?rest_route=%2Fwp%2Fv2%2Fmedia&parent=1238"}],"wp:term":[{"taxonomy":"category","embeddable":true,"href":"https:\/\/www.antifaschistische-linke.de\/index.php?rest_route=%2Fwp%2Fv2%2Fcategories&post=1238"},{"taxonomy":"post_tag","embeddable":true,"href":"https:\/\/www.antifaschistische-linke.de\/index.php?rest_route=%2Fwp%2Fv2%2Ftags&post=1238"}],"curies":[{"name":"wp","href":"https:\/\/api.w.org\/{rel}","templated":true}]}}