{"id":127,"date":"2009-10-22T15:43:31","date_gmt":"2009-10-22T13:43:31","guid":{"rendered":"http:\/\/alfr.blogsport.de\/2009\/10\/22\/zweite-etappe-der-antifakampagne-in-nordbaden\/"},"modified":"2009-10-22T15:43:31","modified_gmt":"2009-10-22T13:43:31","slug":"zweite-etappe-der-antifakampagne-in-nordbaden","status":"publish","type":"post","link":"https:\/\/www.antifaschistische-linke.de\/?p=127","title":{"rendered":"Zweite Etappe der Antifakampagne in Nordbaden"},"content":{"rendered":"<p><img decoding=\"async\" src=\"http:\/\/www.antifaschistische-linke.de\/Bilder\/afalogoklein.png\" align=\"left\" alt=\"Es gibt kein ruhiges Hinterland!\"\/><em>Donnerstag, 22.10.2009<\/em><br \/><strong>Nordbaden.<\/strong> Am Samstag, den 17. Oktober 2009, fand die <a href=\"http:\/\/linksunten.indymedia.org\/de\/node\/12713\">zweite Etappe<\/a> der antifaschistischen Aufkl\u00e4rungskampagne &#8222;Es gibt kein ruhiges Hinterland&#8220;, die von Antifagruppen aus Nordbaden getragen wird, in den Orten Achern und Lichtenau statt. Mit Infost\u00e4nden wurde die Bev\u00f6lkerung \u00fcber Naziaktivit\u00e4ten und -strukturen aufgekl\u00e4rt, was als durchweg positiv empfunden wurde. Die <a href=\"http:\/\/alfr.blogsport.de\/2009\/10\/12\/antifakampagne-in-nordbaden\/\">erste Etappe<\/a> fand am 10. Oktober 2009 in Gernsbach und Bietigheim statt. Die n\u00e4chste Etappe und der damit letzte Termin der Kampagne ist Samstag, der 24. Oktober 2009. An diesem Tag wird es in Malsch und Muggensturm Infotische geben.<\/p>\n","protected":false},"excerpt":{"rendered":"<p>Donnerstag, 22.10.2009Nordbaden. Am Samstag, den 17. Oktober 2009, fand die zweite Etappe der antifaschistischen Aufkl\u00e4rungskampagne &#8222;Es gibt kein ruhiges Hinterland&#8220;, die von Antifagruppen aus Nordbaden getragen wird, in den Orten Achern und Lichtenau statt. Mit Infost\u00e4nden wurde die Bev\u00f6lkerung \u00fcber Naziaktivit\u00e4ten und -strukturen aufgekl\u00e4rt, was als durchweg positiv empfunden wurde. Die erste Etappe fand am [&hellip;]<\/p>\n","protected":false},"author":1,"featured_media":0,"comment_status":"closed","ping_status":"closed","sticky":false,"template":"","format":"standard","meta":[],"categories":[1],"tags":[],"_links":{"self":[{"href":"https:\/\/www.antifaschistische-linke.de\/index.php?rest_route=\/wp\/v2\/posts\/127"}],"collection":[{"href":"https:\/\/www.antifaschistische-linke.de\/index.php?rest_route=\/wp\/v2\/posts"}],"about":[{"href":"https:\/\/www.antifaschistische-linke.de\/index.php?rest_route=\/wp\/v2\/types\/post"}],"author":[{"embeddable":true,"href":"https:\/\/www.antifaschistische-linke.de\/index.php?rest_route=\/wp\/v2\/users\/1"}],"replies":[{"embeddable":true,"href":"https:\/\/www.antifaschistische-linke.de\/index.php?rest_route=%2Fwp%2Fv2%2Fcomments&post=127"}],"version-history":[{"count":0,"href":"https:\/\/www.antifaschistische-linke.de\/index.php?rest_route=\/wp\/v2\/posts\/127\/revisions"}],"wp:attachment":[{"href":"https:\/\/www.antifaschistische-linke.de\/index.php?rest_route=%2Fwp%2Fv2%2Fmedia&parent=127"}],"wp:term":[{"taxonomy":"category","embeddable":true,"href":"https:\/\/www.antifaschistische-linke.de\/index.php?rest_route=%2Fwp%2Fv2%2Fcategories&post=127"},{"taxonomy":"post_tag","embeddable":true,"href":"https:\/\/www.antifaschistische-linke.de\/index.php?rest_route=%2Fwp%2Fv2%2Ftags&post=127"}],"curies":[{"name":"wp","href":"https:\/\/api.w.org\/{rel}","templated":true}]}}