{"id":1291,"date":"2013-01-17T18:44:34","date_gmt":"2013-01-17T17:44:34","guid":{"rendered":"http:\/\/www.antifaschistische-linke.de\/?p=1291"},"modified":"2014-01-08T13:18:04","modified_gmt":"2014-01-08T12:18:04","slug":"skandalurteil-in-dresden","status":"publish","type":"post","link":"https:\/\/www.antifaschistische-linke.de\/?p=1291","title":{"rendered":"Skandalurteil in Dresden"},"content":{"rendered":"<p><img decoding=\"async\" alt=\"antifaklein\" src=\"http:\/\/www.antifaschistische-linke.de\/Bilder\/afalogoklein.png\" align=\"left\" \/><em>Donnerstag, 17.01.2013<\/em><br \/>\n<strong>Dresden.<\/strong> Das Amtsgericht Dresden hat einen Teilnehmer der Anti-Naziproteste am 19. Februar 2011 zu einer Haftstrafe von einem Jahr und zehn Monaten ohne Bew\u00e4hrung verurteilt, da dieser als &#8222;R\u00e4delsf\u00fchrer&#8220; Mitdemonstranten zum Durchflie\u00dfen von Polizeiabsperrungen aufgefordert habe. Mit diesem <a href=\"http:\/\/www.neues-deutschland.de\/artikel\/810100.html\">Skandal-Urteil<\/a> setzt setzt sich die Kriminalisierung antifaschistischen Protests fort!<\/p>\n","protected":false},"excerpt":{"rendered":"<p>Donnerstag, 17.01.2013 Dresden. Das Amtsgericht Dresden hat einen Teilnehmer der Anti-Naziproteste am 19. Februar 2011 zu einer Haftstrafe von einem Jahr und zehn Monaten ohne Bew\u00e4hrung verurteilt, da dieser als &#8222;R\u00e4delsf\u00fchrer&#8220; Mitdemonstranten zum Durchflie\u00dfen von Polizeiabsperrungen aufgefordert habe. Mit diesem Skandal-Urteil setzt setzt sich die Kriminalisierung antifaschistischen Protests fort!<\/p>\n","protected":false},"author":1,"featured_media":0,"comment_status":"closed","ping_status":"closed","sticky":false,"template":"","format":"standard","meta":[],"categories":[1,8,3],"tags":[879,64,479,18,480],"_links":{"self":[{"href":"https:\/\/www.antifaschistische-linke.de\/index.php?rest_route=\/wp\/v2\/posts\/1291"}],"collection":[{"href":"https:\/\/www.antifaschistische-linke.de\/index.php?rest_route=\/wp\/v2\/posts"}],"about":[{"href":"https:\/\/www.antifaschistische-linke.de\/index.php?rest_route=\/wp\/v2\/types\/post"}],"author":[{"embeddable":true,"href":"https:\/\/www.antifaschistische-linke.de\/index.php?rest_route=\/wp\/v2\/users\/1"}],"replies":[{"embeddable":true,"href":"https:\/\/www.antifaschistische-linke.de\/index.php?rest_route=%2Fwp%2Fv2%2Fcomments&post=1291"}],"version-history":[{"count":0,"href":"https:\/\/www.antifaschistische-linke.de\/index.php?rest_route=\/wp\/v2\/posts\/1291\/revisions"}],"wp:attachment":[{"href":"https:\/\/www.antifaschistische-linke.de\/index.php?rest_route=%2Fwp%2Fv2%2Fmedia&parent=1291"}],"wp:term":[{"taxonomy":"category","embeddable":true,"href":"https:\/\/www.antifaschistische-linke.de\/index.php?rest_route=%2Fwp%2Fv2%2Fcategories&post=1291"},{"taxonomy":"post_tag","embeddable":true,"href":"https:\/\/www.antifaschistische-linke.de\/index.php?rest_route=%2Fwp%2Fv2%2Ftags&post=1291"}],"curies":[{"name":"wp","href":"https:\/\/api.w.org\/{rel}","templated":true}]}}