{"id":1299,"date":"2013-01-17T19:13:24","date_gmt":"2013-01-17T18:13:24","guid":{"rendered":"http:\/\/www.antifaschistische-linke.de\/?p=1299"},"modified":"2014-01-02T13:28:29","modified_gmt":"2014-01-02T12:28:29","slug":"mord-an-kurdischen-genossinnen","status":"publish","type":"post","link":"https:\/\/www.antifaschistische-linke.de\/?p=1299","title":{"rendered":"Mord an kurdischen Genossinnen!"},"content":{"rendered":"<p><img decoding=\"async\" alt=\"\" src=\"http:\/\/www.antifaschistische-linke.de\/Bilder\/tatort-kurdistan.jpg\" width=\"55\" align=\"left\" \/><em>Donnerstag, 17.01.2013<\/em><br \/>\n<strong>Paris\/Kurdistan.<\/strong> Letztes Wochenende fanden weltweit <a href=\"http:\/\/www.nadir.org\/nadir\/initiativ\/isku\/\">Proteste<\/a> wegen der Ermordung von drei Genossinnen der kurdischen Befreiungsbewegung\u00a0Sakine Cans\u0131z, Fidan Do\u011fan und Leyla \u015eaylemez statt. Die drei Genossinnen waren vergangene Woche in den R\u00e4umen des Kurdischen Informationszentrums in Paris durch gezielte Kopfsch\u00fcsse hingerichtet worden. Am Samstag findet in Stuttgart eine <a href=\"https:\/\/linksunten.indymedia.org\/en\/node\/76279\">Solidarit\u00e4tsdemonstration <\/a>statt. Treffpunkt 14 Uhr Lautenschlagerstra\u00dfe.<\/p>\n","protected":false},"excerpt":{"rendered":"<p>Donnerstag, 17.01.2013 Paris\/Kurdistan. Letztes Wochenende fanden weltweit Proteste wegen der Ermordung von drei Genossinnen der kurdischen Befreiungsbewegung\u00a0Sakine Cans\u0131z, Fidan Do\u011fan und Leyla \u015eaylemez statt. Die drei Genossinnen waren vergangene Woche in den R\u00e4umen des Kurdischen Informationszentrums in Paris durch gezielte Kopfsch\u00fcsse hingerichtet worden. Am Samstag findet in Stuttgart eine Solidarit\u00e4tsdemonstration statt. Treffpunkt 14 Uhr Lautenschlagerstra\u00dfe.<\/p>\n","protected":false},"author":1,"featured_media":0,"comment_status":"closed","ping_status":"closed","sticky":false,"template":"","format":"standard","meta":[],"categories":[3],"tags":[409,881,12,408,91,14,410],"_links":{"self":[{"href":"https:\/\/www.antifaschistische-linke.de\/index.php?rest_route=\/wp\/v2\/posts\/1299"}],"collection":[{"href":"https:\/\/www.antifaschistische-linke.de\/index.php?rest_route=\/wp\/v2\/posts"}],"about":[{"href":"https:\/\/www.antifaschistische-linke.de\/index.php?rest_route=\/wp\/v2\/types\/post"}],"author":[{"embeddable":true,"href":"https:\/\/www.antifaschistische-linke.de\/index.php?rest_route=\/wp\/v2\/users\/1"}],"replies":[{"embeddable":true,"href":"https:\/\/www.antifaschistische-linke.de\/index.php?rest_route=%2Fwp%2Fv2%2Fcomments&post=1299"}],"version-history":[{"count":0,"href":"https:\/\/www.antifaschistische-linke.de\/index.php?rest_route=\/wp\/v2\/posts\/1299\/revisions"}],"wp:attachment":[{"href":"https:\/\/www.antifaschistische-linke.de\/index.php?rest_route=%2Fwp%2Fv2%2Fmedia&parent=1299"}],"wp:term":[{"taxonomy":"category","embeddable":true,"href":"https:\/\/www.antifaschistische-linke.de\/index.php?rest_route=%2Fwp%2Fv2%2Fcategories&post=1299"},{"taxonomy":"post_tag","embeddable":true,"href":"https:\/\/www.antifaschistische-linke.de\/index.php?rest_route=%2Fwp%2Fv2%2Ftags&post=1299"}],"curies":[{"name":"wp","href":"https:\/\/api.w.org\/{rel}","templated":true}]}}