{"id":131,"date":"2009-10-23T15:47:58","date_gmt":"2009-10-23T13:47:58","guid":{"rendered":"http:\/\/alfr.blogsport.de\/2009\/10\/23\/nazi-in-spanien-wegen-mord-verurteilt\/"},"modified":"2009-10-23T15:47:58","modified_gmt":"2009-10-23T13:47:58","slug":"nazi-in-spanien-wegen-mord-verurteilt","status":"publish","type":"post","link":"https:\/\/www.antifaschistische-linke.de\/?p=131","title":{"rendered":"Nazi in Spanien wegen Mord verurteilt"},"content":{"rendered":"<p><img decoding=\"async\" src=\"http:\/\/www.antifaschistische-linke.de\/Bilder\/afalogoklein.png\" align=\"left\" alt=\"Nazis raus aus der Gesellschaft!\"\/><em>Freitag, 23.10.2009<\/em><br \/><strong>Madrid.<\/strong> Der spanische Neonazi Josu\u00e9 Est\u00e9banez ist wegen Mordes an dem 16-j\u00e4hrigen Antifaschisten Carlos Palomino und versuchten Mordes an einem Freund des Opfers zu einer Freiheitsstrafe von 26 Jahren verurteilt worden. Est\u00e9banez, der zum Tatzeitpunkt Soldat der spanischen Armee war, hatte vor zwei Jahren in der Madrider U-Bahn mit einem Messer auf die jungen M\u00e4nner eingestochen. Er war auf dem Weg zu einer rechtsextremen Demonstration. Der Attacke vorausgegangen war lediglich ein Wortgefecht. <a href=\"http:\/\/de.indymedia.org\/2009\/09\/262243.shtml\">Mehr Infos<\/a><\/p>\n","protected":false},"excerpt":{"rendered":"<p>Freitag, 23.10.2009Madrid. Der spanische Neonazi Josu\u00e9 Est\u00e9banez ist wegen Mordes an dem 16-j\u00e4hrigen Antifaschisten Carlos Palomino und versuchten Mordes an einem Freund des Opfers zu einer Freiheitsstrafe von 26 Jahren verurteilt worden. Est\u00e9banez, der zum Tatzeitpunkt Soldat der spanischen Armee war, hatte vor zwei Jahren in der Madrider U-Bahn mit einem Messer auf die jungen [&hellip;]<\/p>\n","protected":false},"author":1,"featured_media":0,"comment_status":"closed","ping_status":"closed","sticky":false,"template":"","format":"standard","meta":[],"categories":[1],"tags":[],"_links":{"self":[{"href":"https:\/\/www.antifaschistische-linke.de\/index.php?rest_route=\/wp\/v2\/posts\/131"}],"collection":[{"href":"https:\/\/www.antifaschistische-linke.de\/index.php?rest_route=\/wp\/v2\/posts"}],"about":[{"href":"https:\/\/www.antifaschistische-linke.de\/index.php?rest_route=\/wp\/v2\/types\/post"}],"author":[{"embeddable":true,"href":"https:\/\/www.antifaschistische-linke.de\/index.php?rest_route=\/wp\/v2\/users\/1"}],"replies":[{"embeddable":true,"href":"https:\/\/www.antifaschistische-linke.de\/index.php?rest_route=%2Fwp%2Fv2%2Fcomments&post=131"}],"version-history":[{"count":0,"href":"https:\/\/www.antifaschistische-linke.de\/index.php?rest_route=\/wp\/v2\/posts\/131\/revisions"}],"wp:attachment":[{"href":"https:\/\/www.antifaschistische-linke.de\/index.php?rest_route=%2Fwp%2Fv2%2Fmedia&parent=131"}],"wp:term":[{"taxonomy":"category","embeddable":true,"href":"https:\/\/www.antifaschistische-linke.de\/index.php?rest_route=%2Fwp%2Fv2%2Fcategories&post=131"},{"taxonomy":"post_tag","embeddable":true,"href":"https:\/\/www.antifaschistische-linke.de\/index.php?rest_route=%2Fwp%2Fv2%2Ftags&post=131"}],"curies":[{"name":"wp","href":"https:\/\/api.w.org\/{rel}","templated":true}]}}