{"id":133,"date":"2009-10-24T19:56:47","date_gmt":"2009-10-24T17:56:47","guid":{"rendered":"http:\/\/alfr.blogsport.de\/?p=133"},"modified":"2009-10-24T19:56:47","modified_gmt":"2009-10-24T17:56:47","slug":"antimilitaristische-aktion-in-stuttgart","status":"publish","type":"post","link":"https:\/\/www.antifaschistische-linke.de\/?p=133","title":{"rendered":"Antimilitaristische Aktion in Stuttgart"},"content":{"rendered":"<p><img decoding=\"async\" src=\"http:\/\/www.antifaschistische-linke.de\/Bilder\/nonatoklein.jpg\" align=\"left\" alt=\"Bundeswehr wegtreten!\" \/><em>Samstag, 24.10.2009<\/em><br \/><strong>Stuttgart.<\/strong> Auf der allj\u00e4hrlich stattfindenden Ausbildungsmesse in <a href=\"http:\/\/revolutionaereaktionstuttgart.fasthoster.de\/index.htm\">Stuttgart<\/a> war wieder einmal die Bundeswehr-Akademie M\u00fcnchen mit einem Stand vertreten. Einige Antimilitaristen haben die Besucher der Messe \u00fcber das m\u00f6gliche Ende ihres Berufsweges als Soldat, durch herumliegende Leichen und Grabsteine und \u00fcber 100 verteilte Flyer, informiert. Die <a href=\"http:\/\/linksunten.indymedia.org\/de\/node\/12755\">Aktion<\/a> wurde von den meisten Menschen f\u00fcr gut befunden, verlesene Reden wurden zum Teil beklatscht. Auch in Freiburg wirbt die Bundeswehr regelm\u00e4\u00dfig im Arbeitsamt (<a href=\"http:\/\/alfr.blogsport.de\/2009\/10\/02\/den-werbefeldzug-der-bundeswehr-endlich-stoppen\/\">1<\/a> | <a href=\"http:\/\/alfr.blogsport.de\/2009\/05\/11\/freiburg-bundeswehr-wegtreten\/\">2<\/a>) und auf der <a href=\"http:\/\/alfr.blogsport.de\/2009\/10\/01\/antimilitaristische-aktionen-zur-baden-messe\/\">Messe<\/a>.<\/p>\n","protected":false},"excerpt":{"rendered":"<p>Samstag, 24.10.2009Stuttgart. Auf der allj\u00e4hrlich stattfindenden Ausbildungsmesse in Stuttgart war wieder einmal die Bundeswehr-Akademie M\u00fcnchen mit einem Stand vertreten. Einige Antimilitaristen haben die Besucher der Messe \u00fcber das m\u00f6gliche Ende ihres Berufsweges als Soldat, durch herumliegende Leichen und Grabsteine und \u00fcber 100 verteilte Flyer, informiert. Die Aktion wurde von den meisten Menschen f\u00fcr gut befunden, [&hellip;]<\/p>\n","protected":false},"author":1,"featured_media":0,"comment_status":"closed","ping_status":"closed","sticky":false,"template":"","format":"standard","meta":[],"categories":[1],"tags":[],"_links":{"self":[{"href":"https:\/\/www.antifaschistische-linke.de\/index.php?rest_route=\/wp\/v2\/posts\/133"}],"collection":[{"href":"https:\/\/www.antifaschistische-linke.de\/index.php?rest_route=\/wp\/v2\/posts"}],"about":[{"href":"https:\/\/www.antifaschistische-linke.de\/index.php?rest_route=\/wp\/v2\/types\/post"}],"author":[{"embeddable":true,"href":"https:\/\/www.antifaschistische-linke.de\/index.php?rest_route=\/wp\/v2\/users\/1"}],"replies":[{"embeddable":true,"href":"https:\/\/www.antifaschistische-linke.de\/index.php?rest_route=%2Fwp%2Fv2%2Fcomments&post=133"}],"version-history":[{"count":0,"href":"https:\/\/www.antifaschistische-linke.de\/index.php?rest_route=\/wp\/v2\/posts\/133\/revisions"}],"wp:attachment":[{"href":"https:\/\/www.antifaschistische-linke.de\/index.php?rest_route=%2Fwp%2Fv2%2Fmedia&parent=133"}],"wp:term":[{"taxonomy":"category","embeddable":true,"href":"https:\/\/www.antifaschistische-linke.de\/index.php?rest_route=%2Fwp%2Fv2%2Fcategories&post=133"},{"taxonomy":"post_tag","embeddable":true,"href":"https:\/\/www.antifaschistische-linke.de\/index.php?rest_route=%2Fwp%2Fv2%2Ftags&post=133"}],"curies":[{"name":"wp","href":"https:\/\/api.w.org\/{rel}","templated":true}]}}