{"id":1362,"date":"2013-02-04T02:23:37","date_gmt":"2013-02-04T01:23:37","guid":{"rendered":"http:\/\/www.antifaschistische-linke.de\/?p=1362"},"modified":"2014-01-08T12:54:36","modified_gmt":"2014-01-08T11:54:36","slug":"anquatschversuche-in-achern-und-buhl","status":"publish","type":"post","link":"https:\/\/www.antifaschistische-linke.de\/?p=1362","title":{"rendered":"15 Anquatschversuche in Achern und B\u00fchl innerhalb von 12 Monaten"},"content":{"rendered":"<p><img decoding=\"async\" alt=\"\" src=\"http:\/\/www.antifaschistische-linke.de\/Bilder\/rotehilfeklein.jpg\" align=\"left\" \/> <em>Montag, 04.02.2013<\/em><br \/>\n<strong>Achern\/B\u00fchl.<\/strong> Auch 2012 wieder waren die beiden mittelbadischen St\u00e4dte <a href=\"http:\/\/alba.blogsport.de\">Achern und B\u00fchl<\/a> sowie die angrenzenden Gemeinden, vermehrt Angriffsziel des innerdeutschen Geheimdienstes, dem Verfassungsschutz. Nichts neues f\u00fcr eine Region, in der sich Linke h\u00e4ufig mit Repression und Gewalt seitens staatlicher Beh\u00f6rden und Faschisten konfrontiert sehen. Auff\u00e4llig dabei ist jedoch, dass der Verfassungsschutz <a href=\"https:\/\/linksunten.indymedia.org\/de\/node\/77726\">binnen 12 Monaten<\/a> knapp 15 Mal hier geklingelt hat, um Personen anzuquatschen und offen anzuwerben. Es wurden nicht nur Personen beobachtet und in ihre Privatsph\u00e4re eingedrungen, auch Familienangeh\u00f6rige wurden eingesch\u00fcchtert und vor dem \u201egef\u00e4hrlichen politischen Treiben\u201c ihrer Kinder gewarnt. <a href=\"http:\/\/www.rote-hilfe.de\/ueber-uns\/mitglied-werden!\">Mitglied der Roten Hilfe werden!<\/a><\/p>\n","protected":false},"excerpt":{"rendered":"<p>Montag, 04.02.2013 Achern\/B\u00fchl. Auch 2012 wieder waren die beiden mittelbadischen St\u00e4dte Achern und B\u00fchl sowie die angrenzenden Gemeinden, vermehrt Angriffsziel des innerdeutschen Geheimdienstes, dem Verfassungsschutz. Nichts neues f\u00fcr eine Region, in der sich Linke h\u00e4ufig mit Repression und Gewalt seitens staatlicher Beh\u00f6rden und Faschisten konfrontiert sehen. Auff\u00e4llig dabei ist jedoch, dass der Verfassungsschutz binnen 12 [&hellip;]<\/p>\n","protected":false},"author":1,"featured_media":0,"comment_status":"closed","ping_status":"closed","sticky":false,"template":"","format":"standard","meta":[],"categories":[8,3],"tags":[288,477,287,18,292],"_links":{"self":[{"href":"https:\/\/www.antifaschistische-linke.de\/index.php?rest_route=\/wp\/v2\/posts\/1362"}],"collection":[{"href":"https:\/\/www.antifaschistische-linke.de\/index.php?rest_route=\/wp\/v2\/posts"}],"about":[{"href":"https:\/\/www.antifaschistische-linke.de\/index.php?rest_route=\/wp\/v2\/types\/post"}],"author":[{"embeddable":true,"href":"https:\/\/www.antifaschistische-linke.de\/index.php?rest_route=\/wp\/v2\/users\/1"}],"replies":[{"embeddable":true,"href":"https:\/\/www.antifaschistische-linke.de\/index.php?rest_route=%2Fwp%2Fv2%2Fcomments&post=1362"}],"version-history":[{"count":0,"href":"https:\/\/www.antifaschistische-linke.de\/index.php?rest_route=\/wp\/v2\/posts\/1362\/revisions"}],"wp:attachment":[{"href":"https:\/\/www.antifaschistische-linke.de\/index.php?rest_route=%2Fwp%2Fv2%2Fmedia&parent=1362"}],"wp:term":[{"taxonomy":"category","embeddable":true,"href":"https:\/\/www.antifaschistische-linke.de\/index.php?rest_route=%2Fwp%2Fv2%2Fcategories&post=1362"},{"taxonomy":"post_tag","embeddable":true,"href":"https:\/\/www.antifaschistische-linke.de\/index.php?rest_route=%2Fwp%2Fv2%2Ftags&post=1362"}],"curies":[{"name":"wp","href":"https:\/\/api.w.org\/{rel}","templated":true}]}}