{"id":1366,"date":"2013-02-05T02:04:18","date_gmt":"2013-02-05T01:04:18","guid":{"rendered":"http:\/\/www.antifaschistische-linke.de\/?p=1366"},"modified":"2014-01-08T12:49:20","modified_gmt":"2014-01-08T11:49:20","slug":"linke-politiker-in-freiburg","status":"publish","type":"post","link":"https:\/\/www.antifaschistische-linke.de\/?p=1366","title":{"rendered":"Die.Linke-Politiker in Freiburg"},"content":{"rendered":"<p><img decoding=\"async\" alt=\"rot\" src=\"http:\/\/www.antifaschistische-linke.de\/Bilder\/roterstern.png\" align=\"left\" \/><em>Dienstag, 05.02.2013<\/em><br \/>\n<strong>Freiburg.<\/strong> Im noch jungen Jahr 2013 kommen gleich drei Mitglieder des Bundestages der <a href=\"http:\/\/www.die-linke-freiburg.de\">Partei &#8222;Die Linke&#8220;<\/a> in unsere Stadt. Der Parteivorsitzende <a href=\"http:\/\/riexinger.die-linke-bw.de\/\">Bernd Riexinger<\/a> spricht am 21.02.2013 um 19 Uhr im Caf\u00e9 V\u00e9lo unter dem Titel &#8222;Es geht ums Selbstverst\u00e4ndliche! L\u00f6hne &amp; Einkommen zum Leben, Zugang zu Gesundheit &amp; Wohnen f\u00fcr alle, Frieden &amp; Demokratie!&#8220;. Die Parteivorsitzende <a href=\"http:\/\/www.katja-kipping.de\/\">Katja Kipping<\/a> spricht am 06.03.2013 vorraussichtlich im Caf\u00e9 Velo zum Thema &#8222;Sexismus und Frauenarmut&#8220;. <a href=\"http:\/\/www.sahra-wagenknecht.de\/\">Sahra Wagenknecht<\/a> kommt am 14.05.2013, um im Audimax (Universit\u00e4t, KG II) zum Thema &#8222;Freiheit statt Kapitalismus&#8220; zu referieren.<\/p>\n","protected":false},"excerpt":{"rendered":"<p>Dienstag, 05.02.2013 Freiburg. Im noch jungen Jahr 2013 kommen gleich drei Mitglieder des Bundestages der Partei &#8222;Die Linke&#8220; in unsere Stadt. Der Parteivorsitzende Bernd Riexinger spricht am 21.02.2013 um 19 Uhr im Caf\u00e9 V\u00e9lo unter dem Titel &#8222;Es geht ums Selbstverst\u00e4ndliche! L\u00f6hne &amp; Einkommen zum Leben, Zugang zu Gesundheit &amp; Wohnen f\u00fcr alle, Frieden &amp; [&hellip;]<\/p>\n","protected":false},"author":1,"featured_media":0,"comment_status":"closed","ping_status":"closed","sticky":false,"template":"","format":"standard","meta":[],"categories":[3],"tags":[475,474,13,352,476],"_links":{"self":[{"href":"https:\/\/www.antifaschistische-linke.de\/index.php?rest_route=\/wp\/v2\/posts\/1366"}],"collection":[{"href":"https:\/\/www.antifaschistische-linke.de\/index.php?rest_route=\/wp\/v2\/posts"}],"about":[{"href":"https:\/\/www.antifaschistische-linke.de\/index.php?rest_route=\/wp\/v2\/types\/post"}],"author":[{"embeddable":true,"href":"https:\/\/www.antifaschistische-linke.de\/index.php?rest_route=\/wp\/v2\/users\/1"}],"replies":[{"embeddable":true,"href":"https:\/\/www.antifaschistische-linke.de\/index.php?rest_route=%2Fwp%2Fv2%2Fcomments&post=1366"}],"version-history":[{"count":0,"href":"https:\/\/www.antifaschistische-linke.de\/index.php?rest_route=\/wp\/v2\/posts\/1366\/revisions"}],"wp:attachment":[{"href":"https:\/\/www.antifaschistische-linke.de\/index.php?rest_route=%2Fwp%2Fv2%2Fmedia&parent=1366"}],"wp:term":[{"taxonomy":"category","embeddable":true,"href":"https:\/\/www.antifaschistische-linke.de\/index.php?rest_route=%2Fwp%2Fv2%2Fcategories&post=1366"},{"taxonomy":"post_tag","embeddable":true,"href":"https:\/\/www.antifaschistische-linke.de\/index.php?rest_route=%2Fwp%2Fv2%2Ftags&post=1366"}],"curies":[{"name":"wp","href":"https:\/\/api.w.org\/{rel}","templated":true}]}}