{"id":1387,"date":"2013-02-25T17:42:59","date_gmt":"2013-02-25T16:42:59","guid":{"rendered":"http:\/\/www.antifaschistische-linke.de\/?p=1387"},"modified":"2013-02-25T17:42:59","modified_gmt":"2013-02-25T16:42:59","slug":"blut-muss-fliesen-filmvorfuhrungen-im-marz","status":"publish","type":"post","link":"https:\/\/www.antifaschistische-linke.de\/?p=1387","title":{"rendered":"&#8222;Blut muss flie\u00dfen&#8220; &#8211; Filmvorf\u00fchrungen im M\u00e4rz"},"content":{"rendered":"<p><a href=\"http:\/\/www.antifaschistische-linke.de\/wp-content\/uploads\/Blut-muss-flie\u00dfen-276x300.jpg\"><img decoding=\"async\" loading=\"lazy\" class=\"alignleft  wp-image-1248\" style=\"margin: 5px;\" alt=\"Blut-muss-flie\u00dfen-276x300\" src=\"http:\/\/www.antifaschistische-linke.de\/wp-content\/uploads\/Blut-muss-flie\u00dfen-276x300.jpg\" width=\"166\" height=\"180\" \/><\/a>Am 10. M\u00e4rz 2013 zeigen wir in <a href=\"http:\/\/www.koki-freiburg.de\/detail.php?fnr=4279\">Kooperation mit dem Kommunalen Kino <\/a>nach den erfolgreichen Vorf\u00fchrungen im Januar nochmals den hochbrisanten politischen Dokumentarfilm <a href=\"http:\/\/www.filmfaktum.de\/de\/projekte-2\/blut-muss-fliessen-der-film.html\">&#8222;Blut muss flie\u00dfen&#8220;<\/a> (D 2012\/87 Minuten) in Freiburg. Der Regiseur Peter Ohlendorf verarbeitet in diesem die Recherchen von Thomas Kuban, der von 2003 an mehrere Jahre undercover Konzerte der neonazistischen Musikszene in Deutschland und dem nahen Ausland besuchte und dokumentierte.<\/p>\n<p>Obwohl die Rechercheergebnisse, die dem Film zugrunde liegen, schon ein wenig \u00e4lter sind, gibt dieser Film dennoch einen bis dato ungekannten Einblick in einen konspirativen Teil der faschistischen Bewegung, in dem zum Teil erhebliche Geldsummen umdgesetzt werden. Erst am <a href=\"https:\/\/linksunten.indymedia.org\/de\/node\/68580\">6. Oktober 2012<\/a> fand ein konspirativ organisiertes Konzert der <a href=\"http:\/\/de.wikipedia.org\/wiki\/Hammerskins\">Hammerskins<\/a> im Landkreis L\u00f6rrach statt. Interessanterweise und aus heutiger Sicht traurig aktuell greift der Film auch das organisierte Wegschauen und staatliches Desinteressen an der rechten Szene noch vor der Aufdeckung des NSU-Skandals und der offengelegten staatlichen F\u00f6rderung der neonazistischen Szene auf.<\/p>\n<p>Zu Gast am Abend ist <a href=\"http:\/\/de.wikipedia.org\/wiki\/Peter_Ohlendorf\">Peter Ohlendorf<\/a> (Produzent\/Regisseur, Freiburg), nach der Vorf\u00fchrung findet im Kino ein moderiertes Gespr\u00e4ch mit ihm und Vertretern der Antifaschistischen Linken Freiburg statt. Es wird ausreichend Raum f\u00fcr Diskussion sein.<\/p>\n<p><strong>So. 10.03.2013 | <a href=\"http:\/\/www.koki-freiburg.de\">Kommunales Kino Freiburg<\/a> (Urachstr. 40)<\/strong><br \/>\n<strong>Vorf\u00fchrungen: 17.30 Uhr und 19.30 Uhr<br \/>\n<\/strong><em>Karten-Reservierungen sind <a href=\"http:\/\/www.koki-freiburg.de\/karten.php\">hier<\/a> m\u00f6glich!<\/em><strong><br \/>\n<\/strong><\/p>\n","protected":false},"excerpt":{"rendered":"<p>Am 10. M\u00e4rz 2013 zeigen wir in Kooperation mit dem Kommunalen Kino nach den erfolgreichen Vorf\u00fchrungen im Januar nochmals den hochbrisanten politischen Dokumentarfilm &#8222;Blut muss flie\u00dfen&#8220; (D 2012\/87 Minuten) in Freiburg. Der Regiseur Peter Ohlendorf verarbeitet in diesem die Recherchen von Thomas Kuban, der von 2003 an mehrere Jahre undercover Konzerte der neonazistischen Musikszene in [&hellip;]<\/p>\n","protected":false},"author":1,"featured_media":0,"comment_status":"closed","ping_status":"closed","sticky":false,"template":"","format":"standard","meta":[],"categories":[1],"tags":[],"_links":{"self":[{"href":"https:\/\/www.antifaschistische-linke.de\/index.php?rest_route=\/wp\/v2\/posts\/1387"}],"collection":[{"href":"https:\/\/www.antifaschistische-linke.de\/index.php?rest_route=\/wp\/v2\/posts"}],"about":[{"href":"https:\/\/www.antifaschistische-linke.de\/index.php?rest_route=\/wp\/v2\/types\/post"}],"author":[{"embeddable":true,"href":"https:\/\/www.antifaschistische-linke.de\/index.php?rest_route=\/wp\/v2\/users\/1"}],"replies":[{"embeddable":true,"href":"https:\/\/www.antifaschistische-linke.de\/index.php?rest_route=%2Fwp%2Fv2%2Fcomments&post=1387"}],"version-history":[{"count":0,"href":"https:\/\/www.antifaschistische-linke.de\/index.php?rest_route=\/wp\/v2\/posts\/1387\/revisions"}],"wp:attachment":[{"href":"https:\/\/www.antifaschistische-linke.de\/index.php?rest_route=%2Fwp%2Fv2%2Fmedia&parent=1387"}],"wp:term":[{"taxonomy":"category","embeddable":true,"href":"https:\/\/www.antifaschistische-linke.de\/index.php?rest_route=%2Fwp%2Fv2%2Fcategories&post=1387"},{"taxonomy":"post_tag","embeddable":true,"href":"https:\/\/www.antifaschistische-linke.de\/index.php?rest_route=%2Fwp%2Fv2%2Ftags&post=1387"}],"curies":[{"name":"wp","href":"https:\/\/api.w.org\/{rel}","templated":true}]}}