{"id":1498,"date":"2013-04-06T18:36:00","date_gmt":"2013-04-06T16:36:00","guid":{"rendered":"http:\/\/www.antifaschistische-linke.de\/?p=1498"},"modified":"2014-01-08T12:45:23","modified_gmt":"2014-01-08T11:45:23","slug":"pius-gestresst","status":"publish","type":"post","link":"https:\/\/www.antifaschistische-linke.de\/?p=1498","title":{"rendered":"Pius gestresst"},"content":{"rendered":"<p><img decoding=\"async\" alt=\"antifaklein\" src=\"http:\/\/www.antifaschistische-linke.de\/Bilder\/afalogoklein.png\" align=\"left\" \/><em><\/em> <em>Samstag, 06.04.2013.<\/em><br \/>\n<strong>Freiburg.<\/strong> Am Freitag fand wie jedes Jahr der sogenannte &#8222;Marsch f\u00fcr das Leben&#8220; der erzreaktion\u00e4ren Pius-Bruderschaft statt. Etwa 100 Reaktion\u00e4re sahen sich durchgehend mit lautstarken Protest von knapp 150 bis 200 Gegendemonstranten konfrontiert. Dabei gelangten auch immer wieder Aktivisten auf die Route des Aufmarsch und konnten diesen so zumindest kurzfristig behindern, auch wenn die Cops den Reaktion\u00e4ren den Weg frei r\u00e4umten.<br \/>\nZu den Gegenaktivit\u00e4ten aufgerufen hatte das B\u00fcndnis <a href=\"http:\/\/piusentgegentreten.blogsport.de\/\">Pius entgegentreten<\/a>. Fotos gibts <a href=\"https:\/\/secure.flickr.com\/photos\/agfreiburg\/sets\/72157633170461847\/\">hier<\/a>.<\/p>\n","protected":false},"excerpt":{"rendered":"<p>Samstag, 06.04.2013. Freiburg. Am Freitag fand wie jedes Jahr der sogenannte &#8222;Marsch f\u00fcr das Leben&#8220; der erzreaktion\u00e4ren Pius-Bruderschaft statt. Etwa 100 Reaktion\u00e4re sahen sich durchgehend mit lautstarken Protest von knapp 150 bis 200 Gegendemonstranten konfrontiert. Dabei gelangten auch immer wieder Aktivisten auf die Route des Aufmarsch und konnten diesen so zumindest kurzfristig behindern, auch wenn [&hellip;]<\/p>\n","protected":false},"author":1,"featured_media":0,"comment_status":"closed","ping_status":"closed","sticky":false,"template":"","format":"standard","meta":[],"categories":[10,1,3],"tags":[879,13,456,458,455,459,149,457,352],"_links":{"self":[{"href":"https:\/\/www.antifaschistische-linke.de\/index.php?rest_route=\/wp\/v2\/posts\/1498"}],"collection":[{"href":"https:\/\/www.antifaschistische-linke.de\/index.php?rest_route=\/wp\/v2\/posts"}],"about":[{"href":"https:\/\/www.antifaschistische-linke.de\/index.php?rest_route=\/wp\/v2\/types\/post"}],"author":[{"embeddable":true,"href":"https:\/\/www.antifaschistische-linke.de\/index.php?rest_route=\/wp\/v2\/users\/1"}],"replies":[{"embeddable":true,"href":"https:\/\/www.antifaschistische-linke.de\/index.php?rest_route=%2Fwp%2Fv2%2Fcomments&post=1498"}],"version-history":[{"count":0,"href":"https:\/\/www.antifaschistische-linke.de\/index.php?rest_route=\/wp\/v2\/posts\/1498\/revisions"}],"wp:attachment":[{"href":"https:\/\/www.antifaschistische-linke.de\/index.php?rest_route=%2Fwp%2Fv2%2Fmedia&parent=1498"}],"wp:term":[{"taxonomy":"category","embeddable":true,"href":"https:\/\/www.antifaschistische-linke.de\/index.php?rest_route=%2Fwp%2Fv2%2Fcategories&post=1498"},{"taxonomy":"post_tag","embeddable":true,"href":"https:\/\/www.antifaschistische-linke.de\/index.php?rest_route=%2Fwp%2Fv2%2Ftags&post=1498"}],"curies":[{"name":"wp","href":"https:\/\/api.w.org\/{rel}","templated":true}]}}