{"id":1527,"date":"2013-04-11T17:00:16","date_gmt":"2013-04-11T15:00:16","guid":{"rendered":"http:\/\/www.antifaschistische-linke.de\/?p=1527"},"modified":"2014-01-08T12:44:31","modified_gmt":"2014-01-08T11:44:31","slug":"1527","status":"publish","type":"post","link":"https:\/\/www.antifaschistische-linke.de\/?p=1527","title":{"rendered":"Gemeinsam Stark auch 2013"},"content":{"rendered":"<p><img decoding=\"async\" alt=\"rot\" src=\"http:\/\/www.antifaschistische-linke.de\/Bilder\/roterstern.png\" align=\"left\" \/><em>Donnerstag, 11.04.2013<\/em><br \/>\n<strong>Freiburg\/B\u00fchl-Achern.<\/strong> Neben der Mobilisierung auf einen <a href=\"http:\/\/antikap-freiburg.tk\">Antikapitalistischen Block<\/a> auf der DGB-Demo in Freiburg setzen wir auch 2013 gemeinsam mit der Linken Initiative B\u00fchl-Achern die Kampagne &#8222;<a href=\"http:\/\/gemeinsamstark.noblogs.org\/\">Gemeinsam Stark<\/a>&#8220; fort, deren Ziel es unter Anderem ist, den 1.Mai &#8222;wiederzubeleben&#8220;. Auch in diesem Jahr ver\u00f6ffentlichen wir eine umfangreiche <a href=\"..\/wp-content\/uploads\/Brosch%C3%BCre.pdf\">Bro\u00adsch\u00fcre<\/a>, die wir in gro\u00dfer St\u00fcckzahl verteilen werden.<strong><br \/>\n<\/strong><\/p>\n","protected":false},"excerpt":{"rendered":"<p>Donnerstag, 11.04.2013 Freiburg\/B\u00fchl-Achern. Neben der Mobilisierung auf einen Antikapitalistischen Block auf der DGB-Demo in Freiburg setzen wir auch 2013 gemeinsam mit der Linken Initiative B\u00fchl-Achern die Kampagne &#8222;Gemeinsam Stark&#8220; fort, deren Ziel es unter Anderem ist, den 1.Mai &#8222;wiederzubeleben&#8220;. Auch in diesem Jahr ver\u00f6ffentlichen wir eine umfangreiche Bro\u00adsch\u00fcre, die wir in gro\u00dfer St\u00fcckzahl verteilen werden.<\/p>\n","protected":false},"author":1,"featured_media":0,"comment_status":"closed","ping_status":"closed","sticky":false,"template":"","format":"standard","meta":[],"categories":[3,6,4],"tags":[424,288,88,40,287,13,451,452,453,352,454],"_links":{"self":[{"href":"https:\/\/www.antifaschistische-linke.de\/index.php?rest_route=\/wp\/v2\/posts\/1527"}],"collection":[{"href":"https:\/\/www.antifaschistische-linke.de\/index.php?rest_route=\/wp\/v2\/posts"}],"about":[{"href":"https:\/\/www.antifaschistische-linke.de\/index.php?rest_route=\/wp\/v2\/types\/post"}],"author":[{"embeddable":true,"href":"https:\/\/www.antifaschistische-linke.de\/index.php?rest_route=\/wp\/v2\/users\/1"}],"replies":[{"embeddable":true,"href":"https:\/\/www.antifaschistische-linke.de\/index.php?rest_route=%2Fwp%2Fv2%2Fcomments&post=1527"}],"version-history":[{"count":0,"href":"https:\/\/www.antifaschistische-linke.de\/index.php?rest_route=\/wp\/v2\/posts\/1527\/revisions"}],"wp:attachment":[{"href":"https:\/\/www.antifaschistische-linke.de\/index.php?rest_route=%2Fwp%2Fv2%2Fmedia&parent=1527"}],"wp:term":[{"taxonomy":"category","embeddable":true,"href":"https:\/\/www.antifaschistische-linke.de\/index.php?rest_route=%2Fwp%2Fv2%2Fcategories&post=1527"},{"taxonomy":"post_tag","embeddable":true,"href":"https:\/\/www.antifaschistische-linke.de\/index.php?rest_route=%2Fwp%2Fv2%2Ftags&post=1527"}],"curies":[{"name":"wp","href":"https:\/\/api.w.org\/{rel}","templated":true}]}}