{"id":1561,"date":"2013-04-22T00:19:56","date_gmt":"2013-04-21T22:19:56","guid":{"rendered":"http:\/\/www.antifaschistische-linke.de\/?p=1561"},"modified":"2013-04-23T18:20:02","modified_gmt":"2013-04-23T16:20:02","slug":"sand-im-getriebe-solidaritat-mit-dem-warnstreik-bei-der-deutschen-post","status":"publish","type":"post","link":"https:\/\/www.antifaschistische-linke.de\/?p=1561","title":{"rendered":"Sand im Getriebe \/ Solidarit\u00e4t mit dem Warnstreik bei der Deutschen Post"},"content":{"rendered":"<p><em>Am Mittwoch, 17.04.2013 folgten etwa 500 Zusteller der Deutschen Post AG\u00a0 aus den Niederlassungen Freiburg, Karlsruhe und Mannheim dem Aufruf der Gewerkschaft ver.di zum Warnstreik. <\/em><br \/>\nAus der Briefniederlassung Freiburg beteiligten sich Kollegen der Zustellst\u00fctzpunkte Bad S\u00e4ckingen, M\u00fcllheim, Bad Krozingen und Lahr. Die Streikenden kamen in Karlsruhe gegen 10 Uhr vor der ver.di-Gesch\u00e4ftsstelle in der R\u00fcppurrer Str. 1 a zu einer \u00f6ffentlichen\u00a0 Streikversammlung zusammen. Ver.di fordert u.a. 6 Prozent mehr Lohn und Gehalt, mindestens aber 140 Euro pro Monat. Die Gegenseite ihrerseits hat in den bisherigen zwei Tarifverhandlungen hingegen kein Angebot\u00a0 vorgelegt. Die Gewerkschaft k\u00fcndigt derweil weitere Protestaktionen in weiteren Bereichen an, um den Forderungen Nachdruck zu verleihen. Wir schicken den Kollegen der Post unsere volle Solidarit\u00e4t und w\u00fcnschen ihnen das notwendige Durchhalteverm\u00f6gen bei der Durchsetzung ihrer Forderungen. Es braucht schon den sprichw\u00f6rtlichen Sand im Getriebe der<br \/>\nkapitalistischen Maschine, um die Bosse zum Nachdenken zu bewegen,\u00a0 denn geschenkt bekommen wir gar nichts.<br \/>\nUnd am 1. Mai geht\u2019s <a href=\"http:\/\/antikap-freiburg.tk\">auf die Stra\u00dfe<\/a>.<\/p>\n<p>Antifaschistische Linke Freiburg, April 2013<\/p>\n","protected":false},"excerpt":{"rendered":"<p>Am Mittwoch, 17.04.2013 folgten etwa 500 Zusteller der Deutschen Post AG\u00a0 aus den Niederlassungen Freiburg, Karlsruhe und Mannheim dem Aufruf der Gewerkschaft ver.di zum Warnstreik. Aus der Briefniederlassung Freiburg beteiligten sich Kollegen der Zustellst\u00fctzpunkte Bad S\u00e4ckingen, M\u00fcllheim, Bad Krozingen und Lahr. Die Streikenden kamen in Karlsruhe gegen 10 Uhr vor der ver.di-Gesch\u00e4ftsstelle in der R\u00fcppurrer [&hellip;]<\/p>\n","protected":false},"author":1,"featured_media":0,"comment_status":"closed","ping_status":"closed","sticky":false,"template":"","format":"standard","meta":[],"categories":[10,4],"tags":[74,50,75,77,76],"_links":{"self":[{"href":"https:\/\/www.antifaschistische-linke.de\/index.php?rest_route=\/wp\/v2\/posts\/1561"}],"collection":[{"href":"https:\/\/www.antifaschistische-linke.de\/index.php?rest_route=\/wp\/v2\/posts"}],"about":[{"href":"https:\/\/www.antifaschistische-linke.de\/index.php?rest_route=\/wp\/v2\/types\/post"}],"author":[{"embeddable":true,"href":"https:\/\/www.antifaschistische-linke.de\/index.php?rest_route=\/wp\/v2\/users\/1"}],"replies":[{"embeddable":true,"href":"https:\/\/www.antifaschistische-linke.de\/index.php?rest_route=%2Fwp%2Fv2%2Fcomments&post=1561"}],"version-history":[{"count":0,"href":"https:\/\/www.antifaschistische-linke.de\/index.php?rest_route=\/wp\/v2\/posts\/1561\/revisions"}],"wp:attachment":[{"href":"https:\/\/www.antifaschistische-linke.de\/index.php?rest_route=%2Fwp%2Fv2%2Fmedia&parent=1561"}],"wp:term":[{"taxonomy":"category","embeddable":true,"href":"https:\/\/www.antifaschistische-linke.de\/index.php?rest_route=%2Fwp%2Fv2%2Fcategories&post=1561"},{"taxonomy":"post_tag","embeddable":true,"href":"https:\/\/www.antifaschistische-linke.de\/index.php?rest_route=%2Fwp%2Fv2%2Ftags&post=1561"}],"curies":[{"name":"wp","href":"https:\/\/api.w.org\/{rel}","templated":true}]}}