{"id":1641,"date":"2013-05-15T19:36:23","date_gmt":"2013-05-15T17:36:23","guid":{"rendered":"http:\/\/www.antifaschistische-linke.de\/?p=1641"},"modified":"2014-01-04T17:30:15","modified_gmt":"2014-01-04T16:30:15","slug":"kuba-ist-frei","status":"publish","type":"post","link":"https:\/\/www.antifaschistische-linke.de\/?p=1641","title":{"rendered":"KuCa bleibt! &#8211; Besetzung in Littenweiler"},"content":{"rendered":"<p><img decoding=\"async\" alt=\"rot\" src=\"http:\/\/www.antifaschistische-linke.de\/Bilder\/roterstern.png\" align=\"left\" \/><em>Mittwoch, 15.05.2013<\/em><br \/>\n<strong>Freiburg.<\/strong> Das <a href=\"http:\/\/kuca-bleibt.jimdo.com\/\">KuCa<\/a>, das selbstverwaltete Studierendenhaus an der PH Freiburg, soll nach Beschluss des Gemeinderats bis Ende 2014 einem neuen Bebauungsplan weichen und damit weg-gentrificiert werden. Da bisher noch kein geeignetes Ersatzobjekt angeboten wurde <a href=\"https:\/\/linksunten.indymedia.org\/de\/node\/86211\">besetzten Studierende<\/a> f\u00fcr einen Tag ein geeignetes Ersatzobjekt in n\u00e4chster N\u00e4he. Der u-asta der Uni Freiburg <a href=\"https:\/\/linksunten.indymedia.org\/de\/node\/86231\">solidarisierte<\/a> sich mit der Besetzung.<br \/>\nUnsere Soli-Erkl\u00e4rung mit dem KuCa vom Dezember 2012 kann man <a href=\"http:\/\/www.antifaschistische-linke.de\/?p=1270\">hier<\/a> nachlesen.<\/p>\n","protected":false},"excerpt":{"rendered":"<p>Mittwoch, 15.05.2013 Freiburg. Das KuCa, das selbstverwaltete Studierendenhaus an der PH Freiburg, soll nach Beschluss des Gemeinderats bis Ende 2014 einem neuen Bebauungsplan weichen und damit weg-gentrificiert werden. Da bisher noch kein geeignetes Ersatzobjekt angeboten wurde besetzten Studierende f\u00fcr einen Tag ein geeignetes Ersatzobjekt in n\u00e4chster N\u00e4he. Der u-asta der Uni Freiburg solidarisierte sich mit [&hellip;]<\/p>\n","protected":false},"author":1,"featured_media":0,"comment_status":"closed","ping_status":"closed","sticky":false,"template":"","format":"standard","meta":[],"categories":[3,4],"tags":[430,13,109,50],"_links":{"self":[{"href":"https:\/\/www.antifaschistische-linke.de\/index.php?rest_route=\/wp\/v2\/posts\/1641"}],"collection":[{"href":"https:\/\/www.antifaschistische-linke.de\/index.php?rest_route=\/wp\/v2\/posts"}],"about":[{"href":"https:\/\/www.antifaschistische-linke.de\/index.php?rest_route=\/wp\/v2\/types\/post"}],"author":[{"embeddable":true,"href":"https:\/\/www.antifaschistische-linke.de\/index.php?rest_route=\/wp\/v2\/users\/1"}],"replies":[{"embeddable":true,"href":"https:\/\/www.antifaschistische-linke.de\/index.php?rest_route=%2Fwp%2Fv2%2Fcomments&post=1641"}],"version-history":[{"count":0,"href":"https:\/\/www.antifaschistische-linke.de\/index.php?rest_route=\/wp\/v2\/posts\/1641\/revisions"}],"wp:attachment":[{"href":"https:\/\/www.antifaschistische-linke.de\/index.php?rest_route=%2Fwp%2Fv2%2Fmedia&parent=1641"}],"wp:term":[{"taxonomy":"category","embeddable":true,"href":"https:\/\/www.antifaschistische-linke.de\/index.php?rest_route=%2Fwp%2Fv2%2Fcategories&post=1641"},{"taxonomy":"post_tag","embeddable":true,"href":"https:\/\/www.antifaschistische-linke.de\/index.php?rest_route=%2Fwp%2Fv2%2Ftags&post=1641"}],"curies":[{"name":"wp","href":"https:\/\/api.w.org\/{rel}","templated":true}]}}