{"id":1683,"date":"2013-05-26T15:19:34","date_gmt":"2013-05-26T13:19:34","guid":{"rendered":"http:\/\/www.antifaschistische-linke.de\/?p=1683"},"modified":"2013-05-26T15:21:55","modified_gmt":"2013-05-26T13:21:55","slug":"ka-blockiert","status":"publish","type":"post","link":"https:\/\/www.antifaschistische-linke.de\/?p=1683","title":{"rendered":"KA Blockiert"},"content":{"rendered":"<p><img decoding=\"async\" alt=\"antifaklein\" src=\"http:\/\/www.antifaschistische-linke.de\/Bilder\/afalogoklein.png\" align=\"left\" \/><em><\/em> <em>Sonntag, 26.05.2013.<\/em> <strong><br \/>\nKarlsruhe.<\/strong> \u00dcber 2500 Menschen stellten sich am Samstag in Karlsruhe <a href=\"http:\/\/keinenmeter.org\/\">dem Naziaufmarsch<\/a> in den Weg, blockierten entschlossen die angemeldete Route und s\u00e4mtliche Ausweichm\u00f6glichkeiten und verhinderten diesen somit. Das antifaschistsche Vorbereitungsb\u00fcndnis &#8230;keinen Meter ver\u00f6ffentlichte einen ersten <a href=\"https:\/\/linksunten.indymedia.org\/de\/node\/87112\">Bericht <\/a>und verweist zu Recht auf das an vielen Stellen \u00fcberharte Agieren der Cops. Die <a href=\"https:\/\/linksunten.indymedia.org\/de\/node\/87111\">IL Karlsruhe<\/a> und das <a href=\"https:\/\/linksunten.indymedia.org\/de\/node\/87129\">Antifaschistische Aktionsb\u00fcndnis Stuttgart &amp; Region<\/a> haben weitere erste Einsch\u00e4tzungen ver\u00f6ffentlicht.<br \/>\nFotos: <a href=\"https:\/\/secure.flickr.com\/photos\/riotdog\/sets\/72157633689442360\/with\/8829885014\/\">1<\/a><br \/>\nPresse: <a href=\"http:\/\/www.swr.de\/nachrichten\/bw\/-\/id=1622\/nid=1622\/avdocid=11481846\/18vzcfw\/index.html\">1<\/a> | <a href=\"http:\/\/www.ka-news.de\/region\/karlsruhe\/Nazi-Marsch-in-Karlsruhe-verhindert-2-500-Demonstranten-umstellen-Bahnhofsvorplatz;art6066,1147262\">2<\/a><\/p>\n","protected":false},"excerpt":{"rendered":"<p>Sonntag, 26.05.2013. Karlsruhe. \u00dcber 2500 Menschen stellten sich am Samstag in Karlsruhe dem Naziaufmarsch in den Weg, blockierten entschlossen die angemeldete Route und s\u00e4mtliche Ausweichm\u00f6glichkeiten und verhinderten diesen somit. Das antifaschistsche Vorbereitungsb\u00fcndnis &#8230;keinen Meter ver\u00f6ffentlichte einen ersten Bericht und verweist zu Recht auf das an vielen Stellen \u00fcberharte Agieren der Cops. Die IL Karlsruhe und [&hellip;]<\/p>\n","protected":false},"author":1,"featured_media":0,"comment_status":"closed","ping_status":"closed","sticky":false,"template":"","format":"standard","meta":[],"categories":[1,3],"tags":[17,81,82,78,19],"_links":{"self":[{"href":"https:\/\/www.antifaschistische-linke.de\/index.php?rest_route=\/wp\/v2\/posts\/1683"}],"collection":[{"href":"https:\/\/www.antifaschistische-linke.de\/index.php?rest_route=\/wp\/v2\/posts"}],"about":[{"href":"https:\/\/www.antifaschistische-linke.de\/index.php?rest_route=\/wp\/v2\/types\/post"}],"author":[{"embeddable":true,"href":"https:\/\/www.antifaschistische-linke.de\/index.php?rest_route=\/wp\/v2\/users\/1"}],"replies":[{"embeddable":true,"href":"https:\/\/www.antifaschistische-linke.de\/index.php?rest_route=%2Fwp%2Fv2%2Fcomments&post=1683"}],"version-history":[{"count":0,"href":"https:\/\/www.antifaschistische-linke.de\/index.php?rest_route=\/wp\/v2\/posts\/1683\/revisions"}],"wp:attachment":[{"href":"https:\/\/www.antifaschistische-linke.de\/index.php?rest_route=%2Fwp%2Fv2%2Fmedia&parent=1683"}],"wp:term":[{"taxonomy":"category","embeddable":true,"href":"https:\/\/www.antifaschistische-linke.de\/index.php?rest_route=%2Fwp%2Fv2%2Fcategories&post=1683"},{"taxonomy":"post_tag","embeddable":true,"href":"https:\/\/www.antifaschistische-linke.de\/index.php?rest_route=%2Fwp%2Fv2%2Ftags&post=1683"}],"curies":[{"name":"wp","href":"https:\/\/api.w.org\/{rel}","templated":true}]}}