{"id":1710,"date":"2013-06-10T14:31:14","date_gmt":"2013-06-10T12:31:14","guid":{"rendered":"http:\/\/www.antifaschistische-linke.de\/?p=1710"},"modified":"2013-06-11T13:15:08","modified_gmt":"2013-06-11T11:15:08","slug":"blockupy-soli-demo-in-freiburg","status":"publish","type":"post","link":"https:\/\/www.antifaschistische-linke.de\/?p=1710","title":{"rendered":"Blockupy Soli-Demo in Freiburg"},"content":{"rendered":"<p><img decoding=\"async\" alt=\"rot\" src=\"http:\/\/www.antifaschistische-linke.de\/Bilder\/roterstern.png\" align=\"left\" \/><em>Montag, 10.06.2013<\/em><br \/>\n<strong>Freiburg. <\/strong>Vergangenen Montag folgten circa 150 Linke einem kurzfristigen Aufruf des <a href=\"http:\/\/blockupy-freiburg.tk\">Blockupy-Regionalb\u00fcndnis Freiburg<\/a>. Mit einer <a href=\"https:\/\/linksunten.indymedia.org\/de\/node\/88447\">Kundgebung und anschlie\u00dfenden Demonstration<\/a> wendete man sich gegen die faktische Zerschlagung der <a href=\"https:\/\/blockupy-frankfurt.org\/2023\/pressemitteilung-blockupy-kraftvolle-proteste-gegen-europaweite-verarmungspolitik-erneut-skandaloese-beschneidung-der-demonstrationsfreiheit-exekutive-in-wiesbaden-setzt-sich-ueber-gerichtsurtei\/\">Antikapitalistischen Gro\u00dfdemonstration in Frankfurt <\/a>durch ein massives und brutal agierendes Polizei-Aufgebot. Dar\u00fcber hinaus solidarisierte man sich auch mit der Rebellion in der T\u00fcrkei.<br \/>\nIm Anschluss kontrollierten die Cops, die auch in Freiburg in gro\u00dfer Anzahl in zivil und in Uniform anwesend waren, noch einige Personalien. Als Vorwand f\u00fcr die gezielte Einsch\u00fcchterung diente in Freiburg die erfolgreichen <a href=\"http:\/\/www.antifaschistische-linke.de\/?p=1498\">Proteste gegen die Pius-Pr\u00fcder Anfang April<\/a>, in Frankfurt wurde von <a href=\"https:\/\/blockupy-frankfurt.org\/2060\/so-war-es-nicht-gegen-die-ausgrenzung-gesellschaftlicher-opposition-durch-polizei-und-teile-der-medien\/\">&#8222;passiver Bewaffnung&#8220; und Vermummung mit Regenschirmen<\/a> gefaselt. So oder so: Wir lassen uns nicht einsch\u00fcchtern! Unsere Solidarit\u00e4t gegen ihre Repression!<\/p>\n","protected":false},"excerpt":{"rendered":"<p>Montag, 10.06.2013 Freiburg. Vergangenen Montag folgten circa 150 Linke einem kurzfristigen Aufruf des Blockupy-Regionalb\u00fcndnis Freiburg. Mit einer Kundgebung und anschlie\u00dfenden Demonstration wendete man sich gegen die faktische Zerschlagung der Antikapitalistischen Gro\u00dfdemonstration in Frankfurt durch ein massives und brutal agierendes Polizei-Aufgebot. Dar\u00fcber hinaus solidarisierte man sich auch mit der Rebellion in der T\u00fcrkei. Im Anschluss kontrollierten [&hellip;]<\/p>\n","protected":false},"author":1,"featured_media":0,"comment_status":"closed","ping_status":"closed","sticky":false,"template":"","format":"standard","meta":[],"categories":[10,3,6,4],"tags":[86,88,83,87,84,18,50,85],"_links":{"self":[{"href":"https:\/\/www.antifaschistische-linke.de\/index.php?rest_route=\/wp\/v2\/posts\/1710"}],"collection":[{"href":"https:\/\/www.antifaschistische-linke.de\/index.php?rest_route=\/wp\/v2\/posts"}],"about":[{"href":"https:\/\/www.antifaschistische-linke.de\/index.php?rest_route=\/wp\/v2\/types\/post"}],"author":[{"embeddable":true,"href":"https:\/\/www.antifaschistische-linke.de\/index.php?rest_route=\/wp\/v2\/users\/1"}],"replies":[{"embeddable":true,"href":"https:\/\/www.antifaschistische-linke.de\/index.php?rest_route=%2Fwp%2Fv2%2Fcomments&post=1710"}],"version-history":[{"count":0,"href":"https:\/\/www.antifaschistische-linke.de\/index.php?rest_route=\/wp\/v2\/posts\/1710\/revisions"}],"wp:attachment":[{"href":"https:\/\/www.antifaschistische-linke.de\/index.php?rest_route=%2Fwp%2Fv2%2Fmedia&parent=1710"}],"wp:term":[{"taxonomy":"category","embeddable":true,"href":"https:\/\/www.antifaschistische-linke.de\/index.php?rest_route=%2Fwp%2Fv2%2Fcategories&post=1710"},{"taxonomy":"post_tag","embeddable":true,"href":"https:\/\/www.antifaschistische-linke.de\/index.php?rest_route=%2Fwp%2Fv2%2Ftags&post=1710"}],"curies":[{"name":"wp","href":"https:\/\/api.w.org\/{rel}","templated":true}]}}