{"id":1739,"date":"2013-06-12T19:30:32","date_gmt":"2013-06-12T17:30:32","guid":{"rendered":"http:\/\/www.antifaschistische-linke.de\/?p=1739"},"modified":"2013-06-14T14:01:02","modified_gmt":"2013-06-14T12:01:02","slug":"rip-clement","status":"publish","type":"post","link":"https:\/\/www.antifaschistische-linke.de\/?p=1739","title":{"rendered":"RIP Cl\u00e9ment M\u00e9ric"},"content":{"rendered":"<p><img decoding=\"async\" alt=\"antifaklein\" src=\"http:\/\/www.antifaschistische-linke.de\/Bilder\/afalogoklein.png\" align=\"left\" \/><strong> <\/strong><em>Mittwoch, 12.06.2013.<\/em> <strong><br \/>\nParis.<\/strong> Am 5. Juni wurde der Antifaschist <a href=\"http:\/\/lahorde.samizdat.net\/2013\/06\/06\/paris-un-antifasciste-assassine-par-lextreme-droite\/\">Cl\u00e9ment M\u00e9ric<\/a> in Paris von Faschisten ermordet. Er wurde von einer Gruppe Faschisten vor einem Gesch\u00e4ft angegriffen und so schwer verwundet, dass er einige Stunden sp\u00e4ter an den Verletzungen verstarb.<br \/>\nDies l\u00e4sst sich in eine anhaltende Welle von rechter und faschistischer Stra\u00dfengewalt in Frankreich einreihen. Vor allem die homophoben Proteste der vergangenen Wochen waren von neo-faschistischen Gruppen zur Mobilisierung genutzt worden und bereiteten den Boden f\u00fcr faschistische Angriffe. In Paris und vielen weiteren St\u00e4dten fanden Gedenkdemos f\u00fcr Clement statt. Cl\u00e9ment ? \u00e0 jamais un des n\u00f4tres!<br \/>\nFotos der Gedenkdemo in Paris: <a href=\"http:\/\/lahorde.samizdat.net\/2013\/06\/09\/manifestation-a-paris-en-hommage-a-clement-photos\/\">1<\/a><br \/>\nPresse: <a href=\"http:\/\/www.jungewelt.de\/2013\/06-08\/035.php\">1<\/a>| <a href=\"http:\/\/www.jungewelt.de\/2013\/06-08\/061.php\">2<\/a> | <a href=\"http:\/\/www.neues-deutschland.de\/artikel\/823625.linker-jugendlicher-in-paris-von-neonazis-totgeschlagen.html\">3<\/a> | <a href=\"http:\/\/www.lemonde.fr\/societe\/article\/2013\/06\/06\/un-jeune-frappe-a-mort-a-paris-la-marque-de-l-extreme-droite_3425336_3224.html\">4<\/a> | <a href=\"http:\/\/www.dradio.de\/dlf\/sendungen\/europaheute\/2140370\/\">5<\/a><br \/>\nUpdate: Blick nach Rechts ver\u00f6ffentlichte ein <a href=\"http:\/\/www.bnr.de\/artikel\/aktuelle-meldungen\/toedliche-schlaege\">Hintergrundartikel<\/a>. Desweiteren wurde eine <a href=\"https:\/\/linksunten.indymedia.org\/de\/node\/88882\">\u00dcbersicht<\/a> \u00fcber Soli-Aktionen in Europa und Pressereaktionen sowie ein <a href=\"https:\/\/linksunten.indymedia.org\/en\/node\/88842\">Interview<\/a> von Azzoncao mit einem CNT-Mitglied, der Gewerkschaft in der Clement aktiv war, ver\u00f6ffentlicht.<\/p>\n","protected":false},"excerpt":{"rendered":"<p>Mittwoch, 12.06.2013. Paris. Am 5. Juni wurde der Antifaschist Cl\u00e9ment M\u00e9ric in Paris von Faschisten ermordet. Er wurde von einer Gruppe Faschisten vor einem Gesch\u00e4ft angegriffen und so schwer verwundet, dass er einige Stunden sp\u00e4ter an den Verletzungen verstarb. Dies l\u00e4sst sich in eine anhaltende Welle von rechter und faschistischer Stra\u00dfengewalt in Frankreich einreihen. Vor [&hellip;]<\/p>\n","protected":false},"author":1,"featured_media":0,"comment_status":"closed","ping_status":"closed","sticky":false,"template":"","format":"standard","meta":[],"categories":[1,3],"tags":[17,92,66,91,50],"_links":{"self":[{"href":"https:\/\/www.antifaschistische-linke.de\/index.php?rest_route=\/wp\/v2\/posts\/1739"}],"collection":[{"href":"https:\/\/www.antifaschistische-linke.de\/index.php?rest_route=\/wp\/v2\/posts"}],"about":[{"href":"https:\/\/www.antifaschistische-linke.de\/index.php?rest_route=\/wp\/v2\/types\/post"}],"author":[{"embeddable":true,"href":"https:\/\/www.antifaschistische-linke.de\/index.php?rest_route=\/wp\/v2\/users\/1"}],"replies":[{"embeddable":true,"href":"https:\/\/www.antifaschistische-linke.de\/index.php?rest_route=%2Fwp%2Fv2%2Fcomments&post=1739"}],"version-history":[{"count":0,"href":"https:\/\/www.antifaschistische-linke.de\/index.php?rest_route=\/wp\/v2\/posts\/1739\/revisions"}],"wp:attachment":[{"href":"https:\/\/www.antifaschistische-linke.de\/index.php?rest_route=%2Fwp%2Fv2%2Fmedia&parent=1739"}],"wp:term":[{"taxonomy":"category","embeddable":true,"href":"https:\/\/www.antifaschistische-linke.de\/index.php?rest_route=%2Fwp%2Fv2%2Fcategories&post=1739"},{"taxonomy":"post_tag","embeddable":true,"href":"https:\/\/www.antifaschistische-linke.de\/index.php?rest_route=%2Fwp%2Fv2%2Ftags&post=1739"}],"curies":[{"name":"wp","href":"https:\/\/api.w.org\/{rel}","templated":true}]}}