{"id":1751,"date":"2013-06-17T16:28:49","date_gmt":"2013-06-17T14:28:49","guid":{"rendered":"http:\/\/www.antifaschistische-linke.de\/?p=1751"},"modified":"2013-06-23T12:55:43","modified_gmt":"2013-06-23T10:55:43","slug":"wir-sind-alle-capulcu-wir-sind-alle-marodeure-taksim-ist-uberall","status":"publish","type":"post","link":"https:\/\/www.antifaschistische-linke.de\/?p=1751","title":{"rendered":"Demonstration in Freiburg: Taksim ist \u00fcberall! Solidarit\u00e4t hei\u00dft Widerstand!"},"content":{"rendered":"<p style=\"text-align: center;\"><a href=\"http:\/\/www.antifaschistische-linke.de\/wp-content\/uploads\/transpi-taksim3.jpg\"><img decoding=\"async\" loading=\"lazy\" class=\"aligncenter  wp-image-1772\" alt=\"transpi-taksim\" src=\"http:\/\/www.antifaschistische-linke.de\/wp-content\/uploads\/transpi-taksim3.jpg\" width=\"540\" height=\"137\" \/><\/a><\/p>\n<p style=\"text-align: left;\">Her yer taksim! Her yer direni\u015f!- \u00dcberall ist Taksim! \u00dcberall ist Widerstand!&#8220;<\/p>\n<p><strong><a href=\"https:\/\/linksunten.indymedia.org\/de\/node\/89127\">Solidarit\u00e4ts-Demonstration<\/a> mit den Protesten in der T\u00fcrkei.<br \/>\nSamstag, 22.Juni | 18 Uhr | Augustiner-Platz<\/strong><\/p>\n<p>Unter der Parole &#8222;Her yer taksim! Her yer direnis!- \u00dcberall ist Taksim! \u00dcberall ist Widerstand!&#8220; finden zur Zeit in der ganzen T\u00fcrkei Proteste gegen die Regierung statt. Der Protest hat sich an dem Versuch, den zentralen gelegenen Gezi-Park f\u00fcr die Errichtung eines Einkaufszentrums abzurei\u00dfen entbrannt und wurde schnell zu einem Protest gegen die aktuelle Regierung der AKP und deren neoliberale Politik.<br \/>\nWas mit dem Protest von wenigen Studierenden begann, wurde schnell zu einem landesweiten Aufstand, dem sich die breite Bev\u00f6lkerung und unterschiedliche politische Bewegungen an- und zusammengeschlo\u00dfen haben. Fast zwei Wochen wurde der zentrale Istanbuler Taksim-Platz von Tausenden Menschen besetzt, immer wieder kam es zu Demonstrationen und zu Zusammenst\u00f6\u00dfen mit der Polizei, bei denen auch mit scharfer Munition auf die Protestierenden geschosen wurde. Vergangenen Samstag wurde der Park schlie\u00dflich von Sicherheitskr\u00e4ften, die mittlerweile auch von der Armee unterst\u00fctzt werden, ger\u00e4umt. Gro\u00dfe Demonstrationen formierten sich in einigen Vierteln Istanbuls als Reaktion darauf.<br \/>\nWir wollen uns mit den Protesten in der T\u00fcrkei solidarisieren!<br \/>\nSchulter an Schulter gegen Repression!<br \/>\nKommt zur Solidarit\u00e4tsdemonstration!<br \/>\n<a href=\"http:\/\/www.antifaschistische-linke.de\/?p=1782\"><br \/>\nFreiburger B\u00fcndnis-Aufruf <\/a>| <a href=\"http:\/\/dazwischengehen.org\/story\/2013\/06\/wir-sind-alle-apulcu-wir-sind-alle-marodeure-taksim-ist-berall\">Aufruf der Interventionistischen Linken<\/a><\/p>\n<p><a href=\"http:\/\/rdl.de\/index.php?option=com_content&#038;view=article&#038;id=20900:taksimistueberallauchinfreiburg&#038;catid=26:punkt12&#038;Itemid=201\">Interview bei Radio Dreyeckland<\/a> mit einem Aktivisten des B\u00fcndnis.<\/p>\n<p><a href=\"http:\/\/www.akweb.de\/themen\/daten_tuerkei.htm\">Sonderseite der AK<\/a>, <a href=\"http:\/\/akweb.de\/\">Analyse&amp;Kritik<\/a>, anl\u00e4sslich der Massenproteste in Istanbul und anderswo.<\/p>\n<p>Aktuelle Infos: <a href=\"https:\/\/twitter.com\/OccupiedTaksim\">Twitter<\/a> | <a href=\"http:\/\/occupiedtaksim.blogspot.de\/\">Blog<\/a><\/p>\n<p><a href=\"http:\/\/www.jungewelt.de\/2013\/06-10\/008.php\">Hintergrund in der jungen Welt<\/a><\/p>\n","protected":false},"excerpt":{"rendered":"<p>Her yer taksim! Her yer direni\u015f!- \u00dcberall ist Taksim! \u00dcberall ist Widerstand!&#8220; Solidarit\u00e4ts-Demonstration mit den Protesten in der T\u00fcrkei. Samstag, 22.Juni | 18 Uhr | Augustiner-Platz Unter der Parole &#8222;Her yer taksim! Her yer direnis!- \u00dcberall ist Taksim! \u00dcberall ist Widerstand!&#8220; finden zur Zeit in der ganzen T\u00fcrkei Proteste gegen die Regierung statt. Der Protest [&hellip;]<\/p>\n","protected":false},"author":1,"featured_media":0,"comment_status":"closed","ping_status":"closed","sticky":false,"template":"","format":"standard","meta":[],"categories":[10,6,4,7],"tags":[],"_links":{"self":[{"href":"https:\/\/www.antifaschistische-linke.de\/index.php?rest_route=\/wp\/v2\/posts\/1751"}],"collection":[{"href":"https:\/\/www.antifaschistische-linke.de\/index.php?rest_route=\/wp\/v2\/posts"}],"about":[{"href":"https:\/\/www.antifaschistische-linke.de\/index.php?rest_route=\/wp\/v2\/types\/post"}],"author":[{"embeddable":true,"href":"https:\/\/www.antifaschistische-linke.de\/index.php?rest_route=\/wp\/v2\/users\/1"}],"replies":[{"embeddable":true,"href":"https:\/\/www.antifaschistische-linke.de\/index.php?rest_route=%2Fwp%2Fv2%2Fcomments&post=1751"}],"version-history":[{"count":0,"href":"https:\/\/www.antifaschistische-linke.de\/index.php?rest_route=\/wp\/v2\/posts\/1751\/revisions"}],"wp:attachment":[{"href":"https:\/\/www.antifaschistische-linke.de\/index.php?rest_route=%2Fwp%2Fv2%2Fmedia&parent=1751"}],"wp:term":[{"taxonomy":"category","embeddable":true,"href":"https:\/\/www.antifaschistische-linke.de\/index.php?rest_route=%2Fwp%2Fv2%2Fcategories&post=1751"},{"taxonomy":"post_tag","embeddable":true,"href":"https:\/\/www.antifaschistische-linke.de\/index.php?rest_route=%2Fwp%2Fv2%2Ftags&post=1751"}],"curies":[{"name":"wp","href":"https:\/\/api.w.org\/{rel}","templated":true}]}}