{"id":1754,"date":"2013-06-17T11:18:10","date_gmt":"2013-06-17T09:18:10","guid":{"rendered":"http:\/\/www.antifaschistische-linke.de\/?p=1754"},"modified":"2014-01-04T17:29:05","modified_gmt":"2014-01-04T16:29:05","slug":"verfahren-in-stuttgart-wegen-protesten-gegen-die-npd-deutschlandtour","status":"publish","type":"post","link":"https:\/\/www.antifaschistische-linke.de\/?p=1754","title":{"rendered":"Verfahren in Stuttgart wegen Protesten gegen die NPD-Deutschlandtour"},"content":{"rendered":"<p><img decoding=\"async\" alt=\"antifaklein\" src=\"http:\/\/www.antifaschistische-linke.de\/Bilder\/afalogoklein.png\" align=\"left\" \/><strong> <\/strong><em>Montag, 17.06.2013.<\/em><br \/>\n<strong>Stuttgart.<\/strong> <a href=\"https:\/\/kesselklage.wordpress.com\/2012\/09\/25\/wir-lassen-uns-nicht-festsetzen\/\">Am 30. Juli 2012<\/a> versuchte die NPD im Rahmen einer bundesweiten Kundgebungstour das erste Mal seit 2006 wieder eine \u00f6ffentliche Veranstaltung in Stuttgart durchzuf\u00fchren. Ein <a href=\"http:\/\/antifastuttgart.blogsport.eu\/2012\/08\/09\/s-antifaschistische-proteste-gegen-npd-kundgebung\/\">breit angelegter antifaschistischer Protest<\/a> versuchte dies zu verhindern. Vor dem Stuttgarter Amtsgericht soll nun am 5. Juli 2013 <a href=\"https:\/\/linksunten.indymedia.org\/de\/node\/89063\">der Prozess gegen einen Antifaschisten<\/a> stattfinden. Ihm wird vorgeworfen am 30. Juli eine Tr\u00e4nengasgranate in die NPD-Kundgebung geworfen zu haben, so dass die Kundgebung der Faschisten daraufhin f\u00fcr mehrere Minuten unterbrochen werden musste. Die weinenden Nazis sind f\u00fcr die Stuttgarter Staatsanwaltschaft Anlass genug dem Antifaschisten unter anderem wegen gef\u00e4hrlicher K\u00f6rperverletzung und Versto\u00df gegen das Waffengesetz den Prozess zu machen.<br \/>\nAntifaschistische Kundgebung | Freitag, 5. Juli 2013 &#8211; 8 Uhr | Kronprinzen-\/ B\u00fcchsenstra\u00dfe, Stuttgart<br \/>\nAntifaschistische Prozessbegleitung | Freitag, 5. Juli 2013 &#8211; 8.45 Uhr | Amtsgericht Stuttgart, U-Bahn-Haltestelle Neckartor<\/p>\n","protected":false},"excerpt":{"rendered":"<p>Montag, 17.06.2013. Stuttgart. Am 30. Juli 2012 versuchte die NPD im Rahmen einer bundesweiten Kundgebungstour das erste Mal seit 2006 wieder eine \u00f6ffentliche Veranstaltung in Stuttgart durchzuf\u00fchren. Ein breit angelegter antifaschistischer Protest versuchte dies zu verhindern. Vor dem Stuttgarter Amtsgericht soll nun am 5. Juli 2013 der Prozess gegen einen Antifaschisten stattfinden. Ihm wird vorgeworfen [&hellip;]<\/p>\n","protected":false},"author":1,"featured_media":0,"comment_status":"closed","ping_status":"closed","sticky":false,"template":"","format":"standard","meta":[],"categories":[1,3,7],"tags":[879,79,150,48,18,120],"_links":{"self":[{"href":"https:\/\/www.antifaschistische-linke.de\/index.php?rest_route=\/wp\/v2\/posts\/1754"}],"collection":[{"href":"https:\/\/www.antifaschistische-linke.de\/index.php?rest_route=\/wp\/v2\/posts"}],"about":[{"href":"https:\/\/www.antifaschistische-linke.de\/index.php?rest_route=\/wp\/v2\/types\/post"}],"author":[{"embeddable":true,"href":"https:\/\/www.antifaschistische-linke.de\/index.php?rest_route=\/wp\/v2\/users\/1"}],"replies":[{"embeddable":true,"href":"https:\/\/www.antifaschistische-linke.de\/index.php?rest_route=%2Fwp%2Fv2%2Fcomments&post=1754"}],"version-history":[{"count":0,"href":"https:\/\/www.antifaschistische-linke.de\/index.php?rest_route=\/wp\/v2\/posts\/1754\/revisions"}],"wp:attachment":[{"href":"https:\/\/www.antifaschistische-linke.de\/index.php?rest_route=%2Fwp%2Fv2%2Fmedia&parent=1754"}],"wp:term":[{"taxonomy":"category","embeddable":true,"href":"https:\/\/www.antifaschistische-linke.de\/index.php?rest_route=%2Fwp%2Fv2%2Fcategories&post=1754"},{"taxonomy":"post_tag","embeddable":true,"href":"https:\/\/www.antifaschistische-linke.de\/index.php?rest_route=%2Fwp%2Fv2%2Ftags&post=1754"}],"curies":[{"name":"wp","href":"https:\/\/api.w.org\/{rel}","templated":true}]}}