{"id":1775,"date":"2013-06-18T22:42:16","date_gmt":"2013-06-18T20:42:16","guid":{"rendered":"http:\/\/www.antifaschistische-linke.de\/?p=1775"},"modified":"2014-01-04T17:27:37","modified_gmt":"2014-01-04T16:27:37","slug":"plakataktion-fur-clement","status":"publish","type":"post","link":"https:\/\/www.antifaschistische-linke.de\/?p=1775","title":{"rendered":"Plakataktion f\u00fcr Cl\u00e9ment"},"content":{"rendered":"<p><img decoding=\"async\" alt=\"antifaklein\" src=\"http:\/\/www.antifaschistische-linke.de\/Bilder\/afalogoklein.png\" align=\"left\" \/><strong> <\/strong><em>Dienstag, 18.06.2013.<\/em><br \/>\n<strong>Freiburg.<\/strong> Letzte Nacht <a href=\"https:\/\/linksunten.indymedia.org\/de\/node\/89206\">verklebten<\/a> Antifas in Freiburg Plakate in Gedenken an <a href=\"http:\/\/www.antifaschistische-linke.de\/?p=1739\">Cl\u00e9ment M\u00e9ric<\/a>, einem am 5.Juni von Faschisten in Paris ermordeten Antifaschisten. Cl\u00e9ment ? \u00e0 jamais un des n\u00f4tres!<br \/>\nAm Sonntag, den 23.Juni, findet eine <a href=\"https:\/\/linksunten.indymedia.org\/fr\/node\/89215\">Antifa Demo<\/a> in Strasbourg f\u00fcr Cl\u00e9ment statt. Los geht&#8217;s um 16 Uhr am place Kleber.<\/p>\n","protected":false},"excerpt":{"rendered":"<p>Dienstag, 18.06.2013. Freiburg. Letzte Nacht verklebten Antifas in Freiburg Plakate in Gedenken an Cl\u00e9ment M\u00e9ric, einem am 5.Juni von Faschisten in Paris ermordeten Antifaschisten. Cl\u00e9ment ? \u00e0 jamais un des n\u00f4tres! Am Sonntag, den 23.Juni, findet eine Antifa Demo in Strasbourg f\u00fcr Cl\u00e9ment statt. Los geht&#8217;s um 16 Uhr am place Kleber.<\/p>\n","protected":false},"author":1,"featured_media":0,"comment_status":"closed","ping_status":"closed","sticky":false,"template":"","format":"standard","meta":[],"categories":[1,3],"tags":[207,879,92,13],"_links":{"self":[{"href":"https:\/\/www.antifaschistische-linke.de\/index.php?rest_route=\/wp\/v2\/posts\/1775"}],"collection":[{"href":"https:\/\/www.antifaschistische-linke.de\/index.php?rest_route=\/wp\/v2\/posts"}],"about":[{"href":"https:\/\/www.antifaschistische-linke.de\/index.php?rest_route=\/wp\/v2\/types\/post"}],"author":[{"embeddable":true,"href":"https:\/\/www.antifaschistische-linke.de\/index.php?rest_route=\/wp\/v2\/users\/1"}],"replies":[{"embeddable":true,"href":"https:\/\/www.antifaschistische-linke.de\/index.php?rest_route=%2Fwp%2Fv2%2Fcomments&post=1775"}],"version-history":[{"count":0,"href":"https:\/\/www.antifaschistische-linke.de\/index.php?rest_route=\/wp\/v2\/posts\/1775\/revisions"}],"wp:attachment":[{"href":"https:\/\/www.antifaschistische-linke.de\/index.php?rest_route=%2Fwp%2Fv2%2Fmedia&parent=1775"}],"wp:term":[{"taxonomy":"category","embeddable":true,"href":"https:\/\/www.antifaschistische-linke.de\/index.php?rest_route=%2Fwp%2Fv2%2Fcategories&post=1775"},{"taxonomy":"post_tag","embeddable":true,"href":"https:\/\/www.antifaschistische-linke.de\/index.php?rest_route=%2Fwp%2Fv2%2Ftags&post=1775"}],"curies":[{"name":"wp","href":"https:\/\/api.w.org\/{rel}","templated":true}]}}