{"id":1794,"date":"2013-06-19T18:58:44","date_gmt":"2013-06-19T16:58:44","guid":{"rendered":"http:\/\/www.antifaschistische-linke.de\/?p=1794"},"modified":"2014-06-01T18:57:21","modified_gmt":"2014-06-01T16:57:21","slug":"taksim-ist-uberall-solidemo-in-freiburg","status":"publish","type":"post","link":"https:\/\/www.antifaschistische-linke.de\/?p=1794","title":{"rendered":"Taksim ist \u00fcberall &#8211; Solidemo in Freiburg"},"content":{"rendered":"<p><img decoding=\"async\" alt=\"rot\" src=\"http:\/\/www.antifaschistische-linke.de\/Bilder\/roterstern.png\" align=\"left\" \/><em>Mittwoch, 19.06.2013<\/em><br \/>\n<strong>Freiburg. <\/strong> Das Freiburger B\u00fcndnis &#8222;Taksim ist \u00fcberall&#8220; ver\u00f6ffentlichte auf <a href=\"http:\/\/de.indymedia.org\/2013\/06\/346144.shtml\">Indy Deutschland<\/a> und <a href=\"https:\/\/linksunten.indymedia.org\/de\/node\/89295\">linksunten<\/a> den <a href=\"http:\/\/www.antifaschistische-linke.de\/?p=1782\">Aufruf<\/a> zur Demo am Samstag, den 22.Juni. Treffpunkt 18 Uhr | Augustinerplatz. Solidarit\u00e4t hei\u00dft Widerstand!<\/p>\n","protected":false},"excerpt":{"rendered":"<p>Mittwoch, 19.06.2013 Freiburg. Das Freiburger B\u00fcndnis &#8222;Taksim ist \u00fcberall&#8220; ver\u00f6ffentlichte auf Indy Deutschland und linksunten den Aufruf zur Demo am Samstag, den 22.Juni. Treffpunkt 18 Uhr | Augustinerplatz. Solidarit\u00e4t hei\u00dft Widerstand!<\/p>\n","protected":false},"author":1,"featured_media":0,"comment_status":"closed","ping_status":"closed","sticky":false,"template":"","format":"standard","meta":[],"categories":[10,8,3,6,4,7],"tags":[13,686,881,107,108,84,18,50,387,85],"_links":{"self":[{"href":"https:\/\/www.antifaschistische-linke.de\/index.php?rest_route=\/wp\/v2\/posts\/1794"}],"collection":[{"href":"https:\/\/www.antifaschistische-linke.de\/index.php?rest_route=\/wp\/v2\/posts"}],"about":[{"href":"https:\/\/www.antifaschistische-linke.de\/index.php?rest_route=\/wp\/v2\/types\/post"}],"author":[{"embeddable":true,"href":"https:\/\/www.antifaschistische-linke.de\/index.php?rest_route=\/wp\/v2\/users\/1"}],"replies":[{"embeddable":true,"href":"https:\/\/www.antifaschistische-linke.de\/index.php?rest_route=%2Fwp%2Fv2%2Fcomments&post=1794"}],"version-history":[{"count":0,"href":"https:\/\/www.antifaschistische-linke.de\/index.php?rest_route=\/wp\/v2\/posts\/1794\/revisions"}],"wp:attachment":[{"href":"https:\/\/www.antifaschistische-linke.de\/index.php?rest_route=%2Fwp%2Fv2%2Fmedia&parent=1794"}],"wp:term":[{"taxonomy":"category","embeddable":true,"href":"https:\/\/www.antifaschistische-linke.de\/index.php?rest_route=%2Fwp%2Fv2%2Fcategories&post=1794"},{"taxonomy":"post_tag","embeddable":true,"href":"https:\/\/www.antifaschistische-linke.de\/index.php?rest_route=%2Fwp%2Fv2%2Ftags&post=1794"}],"curies":[{"name":"wp","href":"https:\/\/api.w.org\/{rel}","templated":true}]}}