{"id":1800,"date":"2013-06-21T16:44:00","date_gmt":"2013-06-21T14:44:00","guid":{"rendered":"http:\/\/www.antifaschistische-linke.de\/?p=1800"},"modified":"2014-06-01T18:57:14","modified_gmt":"2014-06-01T16:57:14","slug":"radiointerview-taksim-ist-uberall","status":"publish","type":"post","link":"https:\/\/www.antifaschistische-linke.de\/?p=1800","title":{"rendered":"Radiointerview: Taksim ist \u00fcberall!"},"content":{"rendered":"<p><img decoding=\"async\" alt=\"rot\" src=\"http:\/\/www.antifaschistische-linke.de\/Bilder\/roterstern.png\" align=\"left\" \/><em>Freitag, 21.06.2013<\/em><br \/>\n<strong>Freiburg. <\/strong> Ein Aktivist des <a href=\"http:\/\/de.indymedia.org\/2013\/06\/346144.shtml\">Freiburger B\u00fcndnis &#8222;Taksim ist \u00fcberall&#8220;<\/a> hat bei <a href=\"http:\/\/rdl.de\">Radio Dreyeckland<\/a> ein wirklich h\u00f6renswertes <a href=\"http:\/\/rdl.de\/index.php?option=com_content&amp;view=article&amp;id=20900:taksimistueberallauchinfreiburg&amp;catid=26:punkt12&amp;Itemid=201\">Interview zur Motiviation der Demonstration<\/a> und warum es so wichtig ist, solidarisch mit den k\u00e4mpfenden Freundinnen und Freunden in der T\u00fcrkei zu sein, gegeben. <a href=\"http:\/\/www.antifaschistische-linke.de\/?p=1751\">Solidarit\u00e4ts-Demonstration<\/a> mit den Protesten in der T\u00fcrkei | Samstag 22.Juni | 18 Uhr | Augustinerplatz. Kommt und zeigt euch solidarisch!<\/p>\n","protected":false},"excerpt":{"rendered":"<p>Freitag, 21.06.2013 Freiburg. Ein Aktivist des Freiburger B\u00fcndnis &#8222;Taksim ist \u00fcberall&#8220; hat bei Radio Dreyeckland ein wirklich h\u00f6renswertes Interview zur Motiviation der Demonstration und warum es so wichtig ist, solidarisch mit den k\u00e4mpfenden Freundinnen und Freunden in der T\u00fcrkei zu sein, gegeben. Solidarit\u00e4ts-Demonstration mit den Protesten in der T\u00fcrkei | Samstag 22.Juni | 18 Uhr [&hellip;]<\/p>\n","protected":false},"author":1,"featured_media":0,"comment_status":"closed","ping_status":"closed","sticky":false,"template":"","format":"standard","meta":[],"categories":[10,3,6,4,11],"tags":[86,127,88,47,28,101,13,429,686,426,193,881,140,107,205,352,387,85],"_links":{"self":[{"href":"https:\/\/www.antifaschistische-linke.de\/index.php?rest_route=\/wp\/v2\/posts\/1800"}],"collection":[{"href":"https:\/\/www.antifaschistische-linke.de\/index.php?rest_route=\/wp\/v2\/posts"}],"about":[{"href":"https:\/\/www.antifaschistische-linke.de\/index.php?rest_route=\/wp\/v2\/types\/post"}],"author":[{"embeddable":true,"href":"https:\/\/www.antifaschistische-linke.de\/index.php?rest_route=\/wp\/v2\/users\/1"}],"replies":[{"embeddable":true,"href":"https:\/\/www.antifaschistische-linke.de\/index.php?rest_route=%2Fwp%2Fv2%2Fcomments&post=1800"}],"version-history":[{"count":0,"href":"https:\/\/www.antifaschistische-linke.de\/index.php?rest_route=\/wp\/v2\/posts\/1800\/revisions"}],"wp:attachment":[{"href":"https:\/\/www.antifaschistische-linke.de\/index.php?rest_route=%2Fwp%2Fv2%2Fmedia&parent=1800"}],"wp:term":[{"taxonomy":"category","embeddable":true,"href":"https:\/\/www.antifaschistische-linke.de\/index.php?rest_route=%2Fwp%2Fv2%2Fcategories&post=1800"},{"taxonomy":"post_tag","embeddable":true,"href":"https:\/\/www.antifaschistische-linke.de\/index.php?rest_route=%2Fwp%2Fv2%2Ftags&post=1800"}],"curies":[{"name":"wp","href":"https:\/\/api.w.org\/{rel}","templated":true}]}}