{"id":1812,"date":"2013-06-23T13:24:59","date_gmt":"2013-06-23T11:24:59","guid":{"rendered":"http:\/\/www.antifaschistische-linke.de\/?p=1812"},"modified":"2014-06-01T18:56:57","modified_gmt":"2014-06-01T16:56:57","slug":"interview-bei-radio-dreyeckland","status":"publish","type":"post","link":"https:\/\/www.antifaschistische-linke.de\/?p=1812","title":{"rendered":"Interview bei Radio Dreyeckland zur Demonstration &#8222;Taksim ist \u00fcberall! Solidarit\u00e4t hei\u00dft Widerstand!&#8220;"},"content":{"rendered":"<p>Ein Akti\u00advist des Frei\u00adbur\u00adger B\u00fcnd\u00adnis \u201eTak\u00adsim ist \u00fcber\u00adall\u201c hat am Freitag, den 21.Juni,bei Radio Drey\u00adeck\u00adland ein wirk\u00adlich h\u00f6rens\u00adwer\u00adtes Inter\u00adview zur Moti\u00advia\u00adtion der Demons\u00adtra\u00adtion und warum es so wich\u00adtig ist, soli\u00adda\u00adrisch mit den k\u00e4mp\u00adfen\u00adden Freun\u00addin\u00adnen und Freun\u00adden in der T\u00fcr\u00adkei zu sein, gege\u00adben.<br \/>\n<a href=\"http:\/\/www.antifaschistische-linke.de\/?attachment_id=1819\">Hier<\/a> gibts das Interview.<\/p>\n","protected":false},"excerpt":{"rendered":"<p>Ein Akti\u00advist des Frei\u00adbur\u00adger B\u00fcnd\u00adnis \u201eTak\u00adsim ist \u00fcber\u00adall\u201c hat am Freitag, den 21.Juni,bei Radio Drey\u00adeck\u00adland ein wirk\u00adlich h\u00f6rens\u00adwer\u00adtes Inter\u00adview zur Moti\u00advia\u00adtion der Demons\u00adtra\u00adtion und warum es so wich\u00adtig ist, soli\u00adda\u00adrisch mit den k\u00e4mp\u00adfen\u00adden Freun\u00addin\u00adnen und Freun\u00adden in der T\u00fcr\u00adkei zu sein, gege\u00adben. Hier gibts das Interview.<\/p>\n","protected":false},"author":1,"featured_media":0,"comment_status":"closed","ping_status":"closed","sticky":false,"template":"","format":"standard","meta":[],"categories":[8,6,4],"tags":[686,881,107,687,205,387],"_links":{"self":[{"href":"https:\/\/www.antifaschistische-linke.de\/index.php?rest_route=\/wp\/v2\/posts\/1812"}],"collection":[{"href":"https:\/\/www.antifaschistische-linke.de\/index.php?rest_route=\/wp\/v2\/posts"}],"about":[{"href":"https:\/\/www.antifaschistische-linke.de\/index.php?rest_route=\/wp\/v2\/types\/post"}],"author":[{"embeddable":true,"href":"https:\/\/www.antifaschistische-linke.de\/index.php?rest_route=\/wp\/v2\/users\/1"}],"replies":[{"embeddable":true,"href":"https:\/\/www.antifaschistische-linke.de\/index.php?rest_route=%2Fwp%2Fv2%2Fcomments&post=1812"}],"version-history":[{"count":0,"href":"https:\/\/www.antifaschistische-linke.de\/index.php?rest_route=\/wp\/v2\/posts\/1812\/revisions"}],"wp:attachment":[{"href":"https:\/\/www.antifaschistische-linke.de\/index.php?rest_route=%2Fwp%2Fv2%2Fmedia&parent=1812"}],"wp:term":[{"taxonomy":"category","embeddable":true,"href":"https:\/\/www.antifaschistische-linke.de\/index.php?rest_route=%2Fwp%2Fv2%2Fcategories&post=1812"},{"taxonomy":"post_tag","embeddable":true,"href":"https:\/\/www.antifaschistische-linke.de\/index.php?rest_route=%2Fwp%2Fv2%2Ftags&post=1812"}],"curies":[{"name":"wp","href":"https:\/\/api.w.org\/{rel}","templated":true}]}}