{"id":1881,"date":"2013-08-04T23:28:20","date_gmt":"2013-08-04T21:28:20","guid":{"rendered":"http:\/\/www.antifaschistische-linke.de\/?p=1881"},"modified":"2014-01-04T17:18:32","modified_gmt":"2014-01-04T16:18:32","slug":"antirassisitisches-fusballtunier","status":"publish","type":"post","link":"https:\/\/www.antifaschistische-linke.de\/?p=1881","title":{"rendered":"Antirassistisches Fu\u00dfballtunier"},"content":{"rendered":"<p><img decoding=\"async\" alt=\"antifaklein\" src=\"http:\/\/www.antifaschistische-linke.de\/Bilder\/afalogoklein.png\" align=\"left\" \/><strong> <\/strong><em>Sonntag, 04.08.2013.<\/em><br \/>\n<strong>Freiburg.<\/strong> Am 13.07.2013 fand auf dem Platz des TSV Alemannia Z\u00e4hringen ein vom <a href=\"http:\/\/www.liz-freiburg.org\/oat\/\">Offenen Antifatreffen Freiburg &amp; Region [OAT]<\/a> und dem Projekt <a href=\"http:\/\/projekt.sjd-falkenbw.de\/\">&#8222;Bunt Gemischt&#8220; der SJD Falken <\/a> organisiertes <a href=\"https:\/\/linksunten.indymedia.org\/de\/node\/91952\">antirassistisches Fu\u00dfballturnier<\/a> statt. An einem sonnigen Tag gab es verschiedene M\u00f6glichkeiten sich mit dem Thema Rassismus zu besch\u00e4ftigen, aber auch einfach unter dem Motto sich gegen diesen stark zu machen Fu\u00dfball zu spielen. Das n\u00e4chste OAT findet am 13. August um 19 Uhr im <a href=\"http:\/\/www.liz-freiburg.org\">Linken Zentrum \u00a1 adelante !<\/a> statt.<\/p>\n","protected":false},"excerpt":{"rendered":"<p>Sonntag, 04.08.2013. Freiburg. Am 13.07.2013 fand auf dem Platz des TSV Alemannia Z\u00e4hringen ein vom Offenen Antifatreffen Freiburg &amp; Region [OAT] und dem Projekt &#8222;Bunt Gemischt&#8220; der SJD Falken organisiertes antirassistisches Fu\u00dfballturnier statt. An einem sonnigen Tag gab es verschiedene M\u00f6glichkeiten sich mit dem Thema Rassismus zu besch\u00e4ftigen, aber auch einfach unter dem Motto sich [&hellip;]<\/p>\n","protected":false},"author":1,"featured_media":0,"comment_status":"closed","ping_status":"closed","sticky":false,"template":"","format":"standard","meta":[],"categories":[1,3],"tags":[879,13,113,20,293],"_links":{"self":[{"href":"https:\/\/www.antifaschistische-linke.de\/index.php?rest_route=\/wp\/v2\/posts\/1881"}],"collection":[{"href":"https:\/\/www.antifaschistische-linke.de\/index.php?rest_route=\/wp\/v2\/posts"}],"about":[{"href":"https:\/\/www.antifaschistische-linke.de\/index.php?rest_route=\/wp\/v2\/types\/post"}],"author":[{"embeddable":true,"href":"https:\/\/www.antifaschistische-linke.de\/index.php?rest_route=\/wp\/v2\/users\/1"}],"replies":[{"embeddable":true,"href":"https:\/\/www.antifaschistische-linke.de\/index.php?rest_route=%2Fwp%2Fv2%2Fcomments&post=1881"}],"version-history":[{"count":0,"href":"https:\/\/www.antifaschistische-linke.de\/index.php?rest_route=\/wp\/v2\/posts\/1881\/revisions"}],"wp:attachment":[{"href":"https:\/\/www.antifaschistische-linke.de\/index.php?rest_route=%2Fwp%2Fv2%2Fmedia&parent=1881"}],"wp:term":[{"taxonomy":"category","embeddable":true,"href":"https:\/\/www.antifaschistische-linke.de\/index.php?rest_route=%2Fwp%2Fv2%2Fcategories&post=1881"},{"taxonomy":"post_tag","embeddable":true,"href":"https:\/\/www.antifaschistische-linke.de\/index.php?rest_route=%2Fwp%2Fv2%2Ftags&post=1881"}],"curies":[{"name":"wp","href":"https:\/\/api.w.org\/{rel}","templated":true}]}}