{"id":1918,"date":"2013-08-14T16:07:48","date_gmt":"2013-08-14T14:07:48","guid":{"rendered":"http:\/\/www.antifaschistische-linke.de\/?p=1918"},"modified":"2013-08-14T16:08:49","modified_gmt":"2013-08-14T14:08:49","slug":"refugee-strike-in-stuttgart","status":"publish","type":"post","link":"https:\/\/www.antifaschistische-linke.de\/?p=1918","title":{"rendered":"Refugee Strike in Stuttgart"},"content":{"rendered":"<p><img decoding=\"async\" alt=\"antifaklein\" src=\"http:\/\/www.antifaschistische-linke.de\/Bilder\/keinmenschistillegalklein.jpg\" align=\"left\" \/><em>Mittwoch, 14.08.2013.<\/em><br \/><strong>Stuttgart.<\/strong> Seit dem 17.Juli tragen etwa 40 Fl\u00fcchtlinge aus dem Main-Tauber-Kreis ihren <a href=\"http:\/\/refugeeproteststuttgart.wordpress.com\">Protest an die \u00d6ffentlichkeit und campieren in Stuttgart<\/a> vor dem Integrationsministerium.Die Fl\u00fcchtlinge fordern u.a die Abschaffung des Sachleistungsprinzips und der Residenzpflicht,einen Abschiebestopp und eine Arbeitserlaubnis. Ein bisher 5-t\u00e4giger Hungerstreik wurde unterbrochen,um Gespr\u00e4che mit Landesregierung und Kreis zu f\u00fchren.<\/p>\n","protected":false},"excerpt":{"rendered":"<p>Mittwoch, 14.08.2013.Stuttgart. Seit dem 17.Juli tragen etwa 40 Fl\u00fcchtlinge aus dem Main-Tauber-Kreis ihren Protest an die \u00d6ffentlichkeit und campieren in Stuttgart vor dem Integrationsministerium.Die Fl\u00fcchtlinge fordern u.a die Abschaffung des Sachleistungsprinzips und der Residenzpflicht,einen Abschiebestopp und eine Arbeitserlaubnis. Ein bisher 5-t\u00e4giger Hungerstreik wurde unterbrochen,um Gespr\u00e4che mit Landesregierung und Kreis zu f\u00fchren.<\/p>\n","protected":false},"author":1,"featured_media":0,"comment_status":"closed","ping_status":"closed","sticky":false,"template":"","format":"standard","meta":[],"categories":[3],"tags":[123,121,118,122,119,120],"_links":{"self":[{"href":"https:\/\/www.antifaschistische-linke.de\/index.php?rest_route=\/wp\/v2\/posts\/1918"}],"collection":[{"href":"https:\/\/www.antifaschistische-linke.de\/index.php?rest_route=\/wp\/v2\/posts"}],"about":[{"href":"https:\/\/www.antifaschistische-linke.de\/index.php?rest_route=\/wp\/v2\/types\/post"}],"author":[{"embeddable":true,"href":"https:\/\/www.antifaschistische-linke.de\/index.php?rest_route=\/wp\/v2\/users\/1"}],"replies":[{"embeddable":true,"href":"https:\/\/www.antifaschistische-linke.de\/index.php?rest_route=%2Fwp%2Fv2%2Fcomments&post=1918"}],"version-history":[{"count":0,"href":"https:\/\/www.antifaschistische-linke.de\/index.php?rest_route=\/wp\/v2\/posts\/1918\/revisions"}],"wp:attachment":[{"href":"https:\/\/www.antifaschistische-linke.de\/index.php?rest_route=%2Fwp%2Fv2%2Fmedia&parent=1918"}],"wp:term":[{"taxonomy":"category","embeddable":true,"href":"https:\/\/www.antifaschistische-linke.de\/index.php?rest_route=%2Fwp%2Fv2%2Fcategories&post=1918"},{"taxonomy":"post_tag","embeddable":true,"href":"https:\/\/www.antifaschistische-linke.de\/index.php?rest_route=%2Fwp%2Fv2%2Ftags&post=1918"}],"curies":[{"name":"wp","href":"https:\/\/api.w.org\/{rel}","templated":true}]}}