{"id":1925,"date":"2013-08-23T21:24:56","date_gmt":"2013-08-23T19:24:56","guid":{"rendered":"http:\/\/www.antifaschistische-linke.de\/?p=1925"},"modified":"2013-08-23T21:57:56","modified_gmt":"2013-08-23T19:57:56","slug":"ruckblick-vier-vorfuhrungen-von-blut-muss-fliesen-undercover-unter-nazis","status":"publish","type":"post","link":"https:\/\/www.antifaschistische-linke.de\/?p=1925","title":{"rendered":"R\u00fcckblick: Vier Vorf\u00fchrungen von \u201eBlut muss flie\u00dfen \u2013 Undercover unter Nazis\u201c"},"content":{"rendered":"<p><a href=\"http:\/\/www.antifaschistische-linke.de\/wp-content\/uploads\/Blut-muss-flie\u00dfen-276x300.jpg\"><img decoding=\"async\" loading=\"lazy\" class=\"alignleft  wp-image-1248\" style=\"margin: 5px;\" alt=\"Blut-muss-flie\u00dfen-276x300\" src=\"http:\/\/www.antifaschistische-linke.de\/wp-content\/uploads\/Blut-muss-flie\u00dfen-276x300.jpg\" width=\"166\" height=\"180\" \/><\/a>Am 22. Januar zeigten wir in zwei Vorf\u00fchrungen den politischen Dokumentarfilm <a title=\"Flimfaktum.de - Blut muss flie\u00dfen\" href=\"http:\/\/www.filmfaktum.de\/de\/projekte-2\/blut-muss-fliessen-der-film.html\">\u201eBlut muss flie\u00dfen \u2013 Undercover unter Nazis\u201c<\/a> von Peter Ohlendorf in Kooperation mit dem Kommunalen Kino und der <a title=\"Medienwerkstatt Freiburg\" href=\"http:\/\/www.medienwerkstatt-freiburg.de\/\">Medienwerkstatt Freiburg e.V.<\/a>. Das Interesse an diesem bislang einzigartigen Dokumentationsfilm war so gro\u00df, dass das <a title=\"Kommunales Kino Freiburg\" href=\"http:\/\/www.koki-freiburg.de\/\">Kommunale Kino<\/a> in der Wiehre nicht nur zu beiden Vorf\u00fchrungen restlos ausverkauft war, sondern auch viele Besucher leider keinen Platz mehr hatten. Dies veranlasste uns dazu, den Film am 10. M\u00e4rz erneut zu zeigen, um so auch den Interessierten, die im Januar leider keine Karte mehr bekommen konnten, die M\u00f6glichkeit zu geben, den Film zu sehen. Kein Wunder, gibt der Film einen spannenden und bis dato in dieser Form ungekannten Einblick in die Rechtsrockszene.<\/p>\n<p>Ohlendorf verarbeitet in seinem Film Aufnahmen von Thomas Kuban, der \u00fcber einige Jahre lang bei konspirativ organisierten Neonazi Konzerten verdeckt filmte. Der Film zeigt nicht nur, wie Faschisten \u201efeiern\u201c, wenn sie glauben, dass sie unter sich sind: \u201eHitlergr\u00fc\u00dfe\u201c und das \u201eBlut-Lied\u201c, das an Gewalt- und Vernichtungsphantasien kaum mehr zu \u00fcberbieten ist, geh\u00f6ren ebenso zu den von Kuban gefilmten Szenen, wie die offensichtliche Tatenlosigkeit der Polizei. Damit verdeutlicht der Film, was f\u00fcr aktive Antifaschisten nicht erst seit dem Bekanntwerden der Zusammenarbeit von staatlichen Beh\u00f6rden und Naziterroristen im Zuge der Auseinandersetzung mit der faschistischen M\u00f6rderbande \u201eNSU\u201c, bittere Wahrheit ist: Auf den Staat und seine Polizei ist bei der Bek\u00e4mpfung von Faschisten und ihren Strukturen kein Verlass!<\/p>\n<p>Wie wichtig der spektren\u00fcbergreifende Widerstand auf allen Ebenen und mit allen Mitteln gegen Faschismus ist, wurde auch in der Diskussion im Anschluss an den Film von unserem Vertreter auf dem Podium heraus gestellt. Im Anschluss gab Peter Ohlendorf und ein Vertreter der Antifaschistischen Linken Freiburg ein <a title=\"Interview mit der ALFR und Peter Ohlendorf\" href=\"http:\/\/www.rdl.de\/index.php?option=com_content&amp;view=article&amp;id=19120:Bilder_die_den_Nazis_die_Maske_vom_Gesicht_reissen_Der_Film_Blut_muss_fliessen&amp;catid=26:punkt12\">Interview.<\/a><br \/>\n<!--more--><br \/>\nIn der Diskussionsrunde, an einem Infotisch im Eingangsbereich sowie an einer Stellwand, die lokale Naziaktivit\u00e4ten darstellte, wurde au\u00dferdem vermittelt, dass die akute Gefahr von Neonazis nicht nur in ostdeutschen Provinzst\u00e4dten herrscht, sondern auch \u201ebei uns vor der Haust\u00fcr\u201c ein Problem darstellt. Auch wenn im Film selber keine Szenen gezeigt werden, die aus Freiburg oder Umgebung stammen, so gibt es auch in unserer Region immer wieder Veranstaltungen, Partys oder auch Konzerte, die im kleinen Kreis klandestin organisiert beworben werden.<\/p>\n<p>Bis Mitte Juni 2011 bestand mit der <a title=\"R\u00f6ssle Schachmatt - Kampagne gegen das Nazizentrum in Rheinm\u00fcnster-S\u00f6llingen\" href=\"http:\/\/schachmatt.blogsport.de\/chronik\/\">Lokalit\u00e4t \u201eR\u00f6ssle\u201c<\/a> im mittelbadischen Rheinm\u00fcnster-S\u00f6llingen im Landkreis Rastatt ein Nazizentrum, in welchem regelm\u00e4\u00dfig und ohne gro\u00dfes Risiko als private Feiern getarnte Konzerte mit mehreren hundert Besuchern stattfinden konnten. Erst im September 2012 fand in March-Holzhausen bei Freiburg ein <a title=\"stuttgarter-zeitung.de Nazikonzert in March-Holzhausen\" href=\"http:\/\/www.stuttgarter-zeitung.de\/inhalt.interview-mit-undercover-journalisten-es-gibt-immer-mehr-nazis.3bcc82aa-9d09-4481-a0c3-cbff7251f3d4.html\">Konzert zur Finanzierung der Nazidemo in G\u00f6ppingen<\/a> statt. Und im Oktober 2012 fand auf einem angemieteten Privatgrundst\u00fcck in L\u00fctschenbach (Gemeinde Malsburg-Marzell) im benachbarten Landkreis L\u00f6rrach ein <a title=\"badische-zeitung.de - Nazikonzert Landkreis L\u00f6rrach\" href=\"http:\/\/www.badische-zeitung.de\/malsburg-marzell\/rechtsradikales-treffen-als-privatfest-getarnt--64426856.html\">Konzert mit mehr als 100 Nazis<\/a> aus dem gesamten Bundesgebiet, der Schweiz und Frankreich statt.<\/p>\n<p>Unsere Motivation, diesen Film zu zeigen, war nicht nur davon geleitet, dass wir ihn f\u00fcr geeignet halten, gro\u00dfen Teilen der Bev\u00f6lkerung einen Einblick in die konspirativ agierende Nazimusikszene zu geben. Vielmehr wollten wir auch Wachr\u00fctteln und \u00fcber die Gefahr, welche von einer sich festigenden Naziszene ausgeht, informieren. Gerade das Nazizentrum \u201eR\u00f6ssle\u201c mit seinen zahllosen Konzerten in kurzer Zeit verdeutlicht, dass die Naziszene finanziell und organisatorisch gest\u00e4rkt aus ungest\u00f6rt<br \/>\nstattfindenden Konzerten hervorgeht und sich so selbst reproduzieren kann.<\/p>\n<p>Da wegen den ungeschminkten Wahrheiten, die dieser politische Dokumentarfilm transportiert, der Produzent leider keinen Sender findet, der ihn zeigen m\u00f6chte, stellt dies eine enorme finanzielle Belastung f\u00fcr die an der Produktion Beteiligten dar. Wir finden dies einen Skandal und wollten im Rahmen unserer M\u00f6glichkeiten daf\u00fcr sorgen, dem Film eine \u00d6ffentlichkeit zu schaffen.<\/p>\n<p>Am Abend der ersten Vorf\u00fcgrung gab Peter Ohlendorf ein <a href=\"http:\/\/www.badische-zeitung.de\/computer-medien-1\/freiburger-filmemacher-findet-keinen-sender-fuer-neonazi-doku--68518027.html\">Interview mit der Badischen Zeitung<\/a>. Wir teilen dessen Ansinnen, faschistischen Strukturen durch Aufkl\u00e4rung, wie eben durch den Film, entgegenzuwirken und immer mehr Menschen zum Aktiv-Werden gegen Nazis zu animieren, und auch die Sto\u00dfrichtung des Films, einer Verharmlosung der faschistischen Musikszene entgegenzuarbeiten.<\/p>\n<p>Mit den vier Vorf\u00fchrungen an zwei Tagen erreichten wir knapp 250 Menschen und trugen zur Refinanzierung des Films bei. An dieser Stelle wollen wir uns beim <a href=\"http:\/\/u-asta.de\">U-Asta der Uni Freiburg <\/a>bedanken, der uns bei der Finanzierung dieses Projekts unterst\u00fctze und beim Kommunalen Kino und der Medienwerkstatt Freiburg e.V. f\u00fcr die fruchtbare Zusammenarbeit!<\/p>\n<p>Antifaschistische Linke Freiburg, April 2013<\/p>\n","protected":false},"excerpt":{"rendered":"<p>Am 22. Januar zeigten wir in zwei Vorf\u00fchrungen den politischen Dokumentarfilm \u201eBlut muss flie\u00dfen \u2013 Undercover unter Nazis\u201c von Peter Ohlendorf in Kooperation mit dem Kommunalen Kino und der Medienwerkstatt Freiburg e.V.. Das Interesse an diesem bislang einzigartigen Dokumentationsfilm war so gro\u00df, dass das Kommunale Kino in der Wiehre nicht nur zu beiden Vorf\u00fchrungen restlos [&hellip;]<\/p>\n","protected":false},"author":1,"featured_media":0,"comment_status":"closed","ping_status":"closed","sticky":false,"template":"","format":"standard","meta":[],"categories":[1,11],"tags":[135,17,13,140,138,143,144,139,142,136,145,141,137],"_links":{"self":[{"href":"https:\/\/www.antifaschistische-linke.de\/index.php?rest_route=\/wp\/v2\/posts\/1925"}],"collection":[{"href":"https:\/\/www.antifaschistische-linke.de\/index.php?rest_route=\/wp\/v2\/posts"}],"about":[{"href":"https:\/\/www.antifaschistische-linke.de\/index.php?rest_route=\/wp\/v2\/types\/post"}],"author":[{"embeddable":true,"href":"https:\/\/www.antifaschistische-linke.de\/index.php?rest_route=\/wp\/v2\/users\/1"}],"replies":[{"embeddable":true,"href":"https:\/\/www.antifaschistische-linke.de\/index.php?rest_route=%2Fwp%2Fv2%2Fcomments&post=1925"}],"version-history":[{"count":0,"href":"https:\/\/www.antifaschistische-linke.de\/index.php?rest_route=\/wp\/v2\/posts\/1925\/revisions"}],"wp:attachment":[{"href":"https:\/\/www.antifaschistische-linke.de\/index.php?rest_route=%2Fwp%2Fv2%2Fmedia&parent=1925"}],"wp:term":[{"taxonomy":"category","embeddable":true,"href":"https:\/\/www.antifaschistische-linke.de\/index.php?rest_route=%2Fwp%2Fv2%2Fcategories&post=1925"},{"taxonomy":"post_tag","embeddable":true,"href":"https:\/\/www.antifaschistische-linke.de\/index.php?rest_route=%2Fwp%2Fv2%2Ftags&post=1925"}],"curies":[{"name":"wp","href":"https:\/\/api.w.org\/{rel}","templated":true}]}}