{"id":1935,"date":"2013-08-27T13:38:59","date_gmt":"2013-08-27T11:38:59","guid":{"rendered":"http:\/\/www.antifaschistische-linke.de\/?p=1935"},"modified":"2013-08-27T13:38:59","modified_gmt":"2013-08-27T11:38:59","slug":"npd-schon-einen-tag-fruher-in-offenburg","status":"publish","type":"post","link":"https:\/\/www.antifaschistische-linke.de\/?p=1935","title":{"rendered":"NPD schon einen Tag fr\u00fcher in Offenburg"},"content":{"rendered":"<p><img decoding=\"async\" alt=\"antifaklein\" src=\"http:\/\/www.antifaschistische-linke.de\/Bilder\/afalogoklein.png\" align=\"left\" \/><strong> <\/strong><em>Dienstag, 27.08.2013.<\/em><br \/>\n<strong>Offenburg. <\/strong>Anders als bisher angenommen will die NPD offenbar bereits am kommenden Donnerstag, den 29.August, in der Offenburger Innenstadt auf dem Marktplatz ab 10.00 Uhr ihre <a href=\"https:\/\/linksunten.indymedia.org\/de\/node\/93449\">urspr\u00fcnglich f\u00fcr Freitag angek\u00fcndigte<\/a> Wahlkampf-Kundgebung durchf\u00fchren. Achtet auf Ank\u00fcndigungen bez\u00fcglich der Gegenproteste. Aktuelle Infos gibts bei der<a href=\"http:\/\/antifaog.noblogs.org\/\"> Antifa Ortenau<\/a>. Nazis? No way!<\/p>\n","protected":false},"excerpt":{"rendered":"<p>Dienstag, 27.08.2013. Offenburg. Anders als bisher angenommen will die NPD offenbar bereits am kommenden Donnerstag, den 29.August, in der Offenburger Innenstadt auf dem Marktplatz ab 10.00 Uhr ihre urspr\u00fcnglich f\u00fcr Freitag angek\u00fcndigte Wahlkampf-Kundgebung durchf\u00fchren. Achtet auf Ank\u00fcndigungen bez\u00fcglich der Gegenproteste. Aktuelle Infos gibts bei der Antifa Ortenau. Nazis? No way!<\/p>\n","protected":false},"author":1,"featured_media":0,"comment_status":"closed","ping_status":"closed","sticky":false,"template":"","format":"standard","meta":[],"categories":[10,1,3],"tags":[17,148,147,79,150,146,149],"_links":{"self":[{"href":"https:\/\/www.antifaschistische-linke.de\/index.php?rest_route=\/wp\/v2\/posts\/1935"}],"collection":[{"href":"https:\/\/www.antifaschistische-linke.de\/index.php?rest_route=\/wp\/v2\/posts"}],"about":[{"href":"https:\/\/www.antifaschistische-linke.de\/index.php?rest_route=\/wp\/v2\/types\/post"}],"author":[{"embeddable":true,"href":"https:\/\/www.antifaschistische-linke.de\/index.php?rest_route=\/wp\/v2\/users\/1"}],"replies":[{"embeddable":true,"href":"https:\/\/www.antifaschistische-linke.de\/index.php?rest_route=%2Fwp%2Fv2%2Fcomments&post=1935"}],"version-history":[{"count":0,"href":"https:\/\/www.antifaschistische-linke.de\/index.php?rest_route=\/wp\/v2\/posts\/1935\/revisions"}],"wp:attachment":[{"href":"https:\/\/www.antifaschistische-linke.de\/index.php?rest_route=%2Fwp%2Fv2%2Fmedia&parent=1935"}],"wp:term":[{"taxonomy":"category","embeddable":true,"href":"https:\/\/www.antifaschistische-linke.de\/index.php?rest_route=%2Fwp%2Fv2%2Fcategories&post=1935"},{"taxonomy":"post_tag","embeddable":true,"href":"https:\/\/www.antifaschistische-linke.de\/index.php?rest_route=%2Fwp%2Fv2%2Ftags&post=1935"}],"curies":[{"name":"wp","href":"https:\/\/api.w.org\/{rel}","templated":true}]}}