{"id":2092,"date":"2013-10-07T15:27:38","date_gmt":"2013-10-07T13:27:38","guid":{"rendered":"http:\/\/www.antifaschistische-linke.de\/?p=2092"},"modified":"2013-10-07T15:36:02","modified_gmt":"2013-10-07T13:36:02","slug":"blockupy-freiburg-ladt-ein","status":"publish","type":"post","link":"https:\/\/www.antifaschistische-linke.de\/?p=2092","title":{"rendered":"Blockupy Freiburg l\u00e4dt ein!"},"content":{"rendered":"<p><img decoding=\"async\" alt=\"rot\" src=\"http:\/\/www.antifaschistische-linke.de\/Bilder\/roterstern.png\" align=\"left\" \/><em>Montag, 07.10.2013<\/em><br \/>\n<strong>Freiburg. <\/strong>F\u00fcr Donnerstag, den 10. Oktober, l\u00e4dt <a href=\"http:\/\/blockupy-freiburg.tk\/\">Blockupy Freiburg<\/a> zu einem <a href=\"http:\/\/blockupyfreiburg.blogsport.eu\/2013\/09\/29\/offenes-treffen-am-10-oktober\/\">Offenen Treffen<\/a> in das <a href=\"http:\/\/liz-freiburg.org\">Linke Zentrum Freiburg <em>\u00a1adelante!<\/em><\/a> in der Gl\u00fcmerstra\u00dfe 2 ein. Los gehts um 19 Uhr. Wir wollen euch einladen, lokale Aktionen zu diskutieren und gemeinsam im Herbst n\u00e4chsten Jahres nach Frankfurt mobilisieren um die Er\u00f6ffnung des EZB-Neubaus zu verhindern. Kommt mit vielen Ideen f\u00fcr 2014!<\/p>\n","protected":false},"excerpt":{"rendered":"<p>Montag, 07.10.2013 Freiburg. F\u00fcr Donnerstag, den 10. Oktober, l\u00e4dt Blockupy Freiburg zu einem Offenen Treffen in das Linke Zentrum Freiburg \u00a1adelante! in der Gl\u00fcmerstra\u00dfe 2 ein. Los gehts um 19 Uhr. Wir wollen euch einladen, lokale Aktionen zu diskutieren und gemeinsam im Herbst n\u00e4chsten Jahres nach Frankfurt mobilisieren um die Er\u00f6ffnung des EZB-Neubaus zu verhindern. [&hellip;]<\/p>\n","protected":false},"author":1,"featured_media":0,"comment_status":"closed","ping_status":"closed","sticky":false,"template":"","format":"standard","meta":[],"categories":[5,3,6,4,7],"tags":[88,83,87,184],"_links":{"self":[{"href":"https:\/\/www.antifaschistische-linke.de\/index.php?rest_route=\/wp\/v2\/posts\/2092"}],"collection":[{"href":"https:\/\/www.antifaschistische-linke.de\/index.php?rest_route=\/wp\/v2\/posts"}],"about":[{"href":"https:\/\/www.antifaschistische-linke.de\/index.php?rest_route=\/wp\/v2\/types\/post"}],"author":[{"embeddable":true,"href":"https:\/\/www.antifaschistische-linke.de\/index.php?rest_route=\/wp\/v2\/users\/1"}],"replies":[{"embeddable":true,"href":"https:\/\/www.antifaschistische-linke.de\/index.php?rest_route=%2Fwp%2Fv2%2Fcomments&post=2092"}],"version-history":[{"count":0,"href":"https:\/\/www.antifaschistische-linke.de\/index.php?rest_route=\/wp\/v2\/posts\/2092\/revisions"}],"wp:attachment":[{"href":"https:\/\/www.antifaschistische-linke.de\/index.php?rest_route=%2Fwp%2Fv2%2Fmedia&parent=2092"}],"wp:term":[{"taxonomy":"category","embeddable":true,"href":"https:\/\/www.antifaschistische-linke.de\/index.php?rest_route=%2Fwp%2Fv2%2Fcategories&post=2092"},{"taxonomy":"post_tag","embeddable":true,"href":"https:\/\/www.antifaschistische-linke.de\/index.php?rest_route=%2Fwp%2Fv2%2Ftags&post=2092"}],"curies":[{"name":"wp","href":"https:\/\/api.w.org\/{rel}","templated":true}]}}