{"id":2125,"date":"2013-10-09T06:00:13","date_gmt":"2013-10-09T04:00:13","guid":{"rendered":"http:\/\/www.antifaschistische-linke.de\/?p=2125"},"modified":"2013-10-08T18:09:05","modified_gmt":"2013-10-08T16:09:05","slug":"demonstration-gegen-das-pkk-verbot-in-berlin-am-16-november","status":"publish","type":"post","link":"https:\/\/www.antifaschistische-linke.de\/?p=2125","title":{"rendered":"Demonstration gegen das PKK-Verbot in Berlin am 16.November"},"content":{"rendered":"<p><img decoding=\"async\" alt=\"rot\" src=\"http:\/\/www.antifaschistische-linke.de\/Bilder\/roterstern.png\" align=\"left\" \/><em>Mittwoch, 09.10.2013<\/em><br \/>\n<strong>Kurdistan. <\/strong>Im Mai hat die <a href=\"http:\/\/tatortkurdistan.blogsport.de\/\">Kampagne Tatort Kurdistan<\/a> den Aufruf <a href=\"http:\/\/friedenstattverbot.blogsport.de\/2013\/08\/13\/aufruf-zur-demonstration-in-berlin-am-16-november-2013\/\">\u201eFriedensprozess unterst\u00fctzen \u2013 PKK-Verbot aufheben\u201f<\/a> f\u00fcr eine<a href=\"http:\/\/friedenstattverbot.blogsport.de\/\"> bundesweite Demonstration in Berlin <\/a>gestartet. Anlass ist der 20. Jahrestag des Bet\u00e4tigungsverbots f\u00fcr die Arbeiterpartei Kurdistans (PKK) in Deutschland. Die Demonstration wird am 16.November in Berlin (Treffpunkt 11 Uhr | Karl-Marx-Allee\/Alexanderplatz) stattfinden. Weg mit dem PKK-Verbot! Hoch die Internationale Solidarit\u00e4t!<\/p>\n","protected":false},"excerpt":{"rendered":"<p>Mittwoch, 09.10.2013 Kurdistan. Im Mai hat die Kampagne Tatort Kurdistan den Aufruf \u201eFriedensprozess unterst\u00fctzen \u2013 PKK-Verbot aufheben\u201f f\u00fcr eine bundesweite Demonstration in Berlin gestartet. Anlass ist der 20. Jahrestag des Bet\u00e4tigungsverbots f\u00fcr die Arbeiterpartei Kurdistans (PKK) in Deutschland. Die Demonstration wird am 16.November in Berlin (Treffpunkt 11 Uhr | Karl-Marx-Allee\/Alexanderplatz) stattfinden. Weg mit dem PKK-Verbot! [&hellip;]<\/p>\n","protected":false},"author":1,"featured_media":0,"comment_status":"closed","ping_status":"closed","sticky":false,"template":"","format":"standard","meta":[],"categories":[5,3,6,4],"tags":[193,881,12,14,194],"_links":{"self":[{"href":"https:\/\/www.antifaschistische-linke.de\/index.php?rest_route=\/wp\/v2\/posts\/2125"}],"collection":[{"href":"https:\/\/www.antifaschistische-linke.de\/index.php?rest_route=\/wp\/v2\/posts"}],"about":[{"href":"https:\/\/www.antifaschistische-linke.de\/index.php?rest_route=\/wp\/v2\/types\/post"}],"author":[{"embeddable":true,"href":"https:\/\/www.antifaschistische-linke.de\/index.php?rest_route=\/wp\/v2\/users\/1"}],"replies":[{"embeddable":true,"href":"https:\/\/www.antifaschistische-linke.de\/index.php?rest_route=%2Fwp%2Fv2%2Fcomments&post=2125"}],"version-history":[{"count":0,"href":"https:\/\/www.antifaschistische-linke.de\/index.php?rest_route=\/wp\/v2\/posts\/2125\/revisions"}],"wp:attachment":[{"href":"https:\/\/www.antifaschistische-linke.de\/index.php?rest_route=%2Fwp%2Fv2%2Fmedia&parent=2125"}],"wp:term":[{"taxonomy":"category","embeddable":true,"href":"https:\/\/www.antifaschistische-linke.de\/index.php?rest_route=%2Fwp%2Fv2%2Fcategories&post=2125"},{"taxonomy":"post_tag","embeddable":true,"href":"https:\/\/www.antifaschistische-linke.de\/index.php?rest_route=%2Fwp%2Fv2%2Ftags&post=2125"}],"curies":[{"name":"wp","href":"https:\/\/api.w.org\/{rel}","templated":true}]}}