{"id":2143,"date":"2013-11-11T00:01:20","date_gmt":"2013-11-10T23:01:20","guid":{"rendered":"http:\/\/www.antifaschistische-linke.de\/?p=2143"},"modified":"2013-10-09T14:53:48","modified_gmt":"2013-10-09T12:53:48","slug":"ni-olvido-ni-perdon-5-todestag-von-carlos-2","status":"publish","type":"post","link":"https:\/\/www.antifaschistische-linke.de\/?p=2143","title":{"rendered":"\u00a1Ni olvido ni perd\u00f3n! &#8211; 6.Todestag von Carlos"},"content":{"rendered":"<p><img decoding=\"async\" alt=\"\" src=\"http:\/\/www.antifaschistische-linke.de\/wp-content\/uploads\/carlos-207x300.jpg\" width=\"50\" align=\"left\" \/><em>Montag, 11.11.2013<\/em><br \/>\n<strong>Madrid.<\/strong> Am 11. November 2007 wurde der damals 16 j\u00e4hrige Antifaschist Carlos Javier Palomino in der Metro von Madrid an der Haltestelle Legazpi niedergestochen, als er mit Genossen auf dem Weg zu Protesten gegen die &#8222;Democracia Nacional&#8220; unter dem Motto &#8222;Gegen anti-spanischen Rassismus und gegen die Immigration&#8220; war. Sein M\u00f6rder ist der (jetzt Ex-) Berufssoldat Josu\u00e9 Est\u00e9banez de la Hija, der sich ebenfalls in der Metro aufhielt, um zu der faschistischen Kundgebung zu fahren. Als Carlos und seine GenossInnen zustiegen, ihn als Faschisten erkennen und ansprechen, stach er mit einem bereitgehaltenen Messer Carlos direkt ins Herz und verletzte noch weitere AntifaschistInnen. \u00dcber ein Jahr lang fanden verschiedenste Gedenkaktivit\u00e4ten statt, welche in dem <a href=\"http:\/\/www.youtube.com\/watch?v=qyAV65U_NRQ\">Film &#8222;Carlos, un a\u00f1o sin ti, un a\u00f1o contigo &#8211; El mejor homenaje, continuar la lucha.&#8220;<\/a> dokumentiert werden. Die <a href=\"http:\/\/ajb.blogsport.de\">Antifaschistische Jugend Bochum<\/a> <a href=\"http:\/\/ajb.blogsport.de\/2009\/04\/22\/madrid-der-faschistische-mord-an-carlos-palomino\/\">interviewte im April 2009 die Mutter Carlos<\/a>&#8218;. <a href=\"http:\/\/www.antifaschistische-linke.de\/?p=131\">Der Faschist wurde zu 26 Jahren Haft verurteilt<\/a>, 19 f\u00fcr den ideologisch motvierten Mord an Carlos, 7 Jahre f\u00fcr die versuchte T\u00f6tung eines weiteren Antifaschisten. An Metrostation Legazpi befindet sich seit dem faschistischen Mord an Carlos Javier Palomino eine Gedenktafel. Drei Tage vor Carlos 5.Todestag 2012 wurde diese Tafel von Faschisten, <a href=\"http:\/\/www.lahaine.org\/index.php?p=65152\">zum wiederholten Mal<\/a>, <a href=\"http:\/\/www.lahaine.org\/index.php?p=65152\">abgerissen<\/a> und durch faschistische Sprayereien ersetzt. Infos zu Antifa-Aktitvi\u00e4ten in Madrid gibts auf der Seite der <a href=\"http:\/\/madrid.antifa.es\/\">Coordinandora Antifascista Madrid<\/a>. Kein Vergeben, kein Vergessen! \u2013 \u00a1Ni olvido ni perd\u00f3n! El mejor homenaje es continuar la lucha!<\/p>\n","protected":false},"excerpt":{"rendered":"<p>Montag, 11.11.2013 Madrid. Am 11. November 2007 wurde der damals 16 j\u00e4hrige Antifaschist Carlos Javier Palomino in der Metro von Madrid an der Haltestelle Legazpi niedergestochen, als er mit Genossen auf dem Weg zu Protesten gegen die &#8222;Democracia Nacional&#8220; unter dem Motto &#8222;Gegen anti-spanischen Rassismus und gegen die Immigration&#8220; war. Sein M\u00f6rder ist der (jetzt [&hellip;]<\/p>\n","protected":false},"author":1,"featured_media":0,"comment_status":"closed","ping_status":"closed","sticky":false,"template":"","format":"standard","meta":[],"categories":[1,3],"tags":[17,65,67,199],"_links":{"self":[{"href":"https:\/\/www.antifaschistische-linke.de\/index.php?rest_route=\/wp\/v2\/posts\/2143"}],"collection":[{"href":"https:\/\/www.antifaschistische-linke.de\/index.php?rest_route=\/wp\/v2\/posts"}],"about":[{"href":"https:\/\/www.antifaschistische-linke.de\/index.php?rest_route=\/wp\/v2\/types\/post"}],"author":[{"embeddable":true,"href":"https:\/\/www.antifaschistische-linke.de\/index.php?rest_route=\/wp\/v2\/users\/1"}],"replies":[{"embeddable":true,"href":"https:\/\/www.antifaschistische-linke.de\/index.php?rest_route=%2Fwp%2Fv2%2Fcomments&post=2143"}],"version-history":[{"count":0,"href":"https:\/\/www.antifaschistische-linke.de\/index.php?rest_route=\/wp\/v2\/posts\/2143\/revisions"}],"wp:attachment":[{"href":"https:\/\/www.antifaschistische-linke.de\/index.php?rest_route=%2Fwp%2Fv2%2Fmedia&parent=2143"}],"wp:term":[{"taxonomy":"category","embeddable":true,"href":"https:\/\/www.antifaschistische-linke.de\/index.php?rest_route=%2Fwp%2Fv2%2Fcategories&post=2143"},{"taxonomy":"post_tag","embeddable":true,"href":"https:\/\/www.antifaschistische-linke.de\/index.php?rest_route=%2Fwp%2Fv2%2Ftags&post=2143"}],"curies":[{"name":"wp","href":"https:\/\/api.w.org\/{rel}","templated":true}]}}