{"id":2168,"date":"2013-10-15T13:27:59","date_gmt":"2013-10-15T11:27:59","guid":{"rendered":"http:\/\/www.antifaschistische-linke.de\/?p=2168"},"modified":"2013-10-15T13:38:36","modified_gmt":"2013-10-15T11:38:36","slug":"nach-erneutem-konzert-rossle-angegriffen","status":"publish","type":"post","link":"https:\/\/www.antifaschistische-linke.de\/?p=2168","title":{"rendered":"Nach erneutem Konzert: &#8222;R\u00f6ssle&#8220; angegriffen"},"content":{"rendered":"<p><img decoding=\"async\" alt=\"antifaklein\" src=\"http:\/\/www.antifaschistische-linke.de\/Bilder\/afalogoklein.png\" align=\"left\" \/><em>Dienstag, 15.10.2013.<\/em><br \/>\n<strong>Rheinm\u00fcnster-S\u00f6llingen.<\/strong> Als Reaktion auf das erneute Nazikonzert im <a href=\"http:\/\/schachmatt.blogsport.de\">&#8222;R\u00f6ssle&#8220;<\/a> in Rhm-S\u00f6llingen wurde das viel zu oft [<a href=\"http:\/\/schachmatt.blogsport.de\/chronik\">Chronik<\/a> | <a href=\"http:\/\/www.antifaschistische-linke.de\/?p=1830\">Konzert Juni 2013<\/a> | <a href=\" http:\/\/www.antifaschistische-linke.de\/?p=2080\">Konzert Oktober 2013 <\/a>] von Faschisten als Veranstaltungs-und Konzertort genutzte Geb\u00e4ude <a href=\"https:\/\/linksunten.indymedia.org\/de\/node\/97337\">offenbar mit Farbe angegriffen<\/a>. Nazis keine Basis bieten!<\/p>\n","protected":false},"excerpt":{"rendered":"<p>Dienstag, 15.10.2013. Rheinm\u00fcnster-S\u00f6llingen. Als Reaktion auf das erneute Nazikonzert im &#8222;R\u00f6ssle&#8220; in Rhm-S\u00f6llingen wurde das viel zu oft [Chronik | Konzert Juni 2013 | Konzert Oktober 2013 ] von Faschisten als Veranstaltungs-und Konzertort genutzte Geb\u00e4ude offenbar mit Farbe angegriffen. Nazis keine Basis bieten!<\/p>\n","protected":false},"author":1,"featured_media":0,"comment_status":"closed","ping_status":"closed","sticky":false,"template":"","format":"standard","meta":[],"categories":[1,3],"tags":[17,235,237,142,236,141,183],"_links":{"self":[{"href":"https:\/\/www.antifaschistische-linke.de\/index.php?rest_route=\/wp\/v2\/posts\/2168"}],"collection":[{"href":"https:\/\/www.antifaschistische-linke.de\/index.php?rest_route=\/wp\/v2\/posts"}],"about":[{"href":"https:\/\/www.antifaschistische-linke.de\/index.php?rest_route=\/wp\/v2\/types\/post"}],"author":[{"embeddable":true,"href":"https:\/\/www.antifaschistische-linke.de\/index.php?rest_route=\/wp\/v2\/users\/1"}],"replies":[{"embeddable":true,"href":"https:\/\/www.antifaschistische-linke.de\/index.php?rest_route=%2Fwp%2Fv2%2Fcomments&post=2168"}],"version-history":[{"count":0,"href":"https:\/\/www.antifaschistische-linke.de\/index.php?rest_route=\/wp\/v2\/posts\/2168\/revisions"}],"wp:attachment":[{"href":"https:\/\/www.antifaschistische-linke.de\/index.php?rest_route=%2Fwp%2Fv2%2Fmedia&parent=2168"}],"wp:term":[{"taxonomy":"category","embeddable":true,"href":"https:\/\/www.antifaschistische-linke.de\/index.php?rest_route=%2Fwp%2Fv2%2Fcategories&post=2168"},{"taxonomy":"post_tag","embeddable":true,"href":"https:\/\/www.antifaschistische-linke.de\/index.php?rest_route=%2Fwp%2Fv2%2Ftags&post=2168"}],"curies":[{"name":"wp","href":"https:\/\/api.w.org\/{rel}","templated":true}]}}