{"id":2184,"date":"2013-11-07T00:01:04","date_gmt":"2013-11-06T23:01:04","guid":{"rendered":"http:\/\/www.antifaschistische-linke.de\/?p=2184"},"modified":"2013-11-09T23:08:44","modified_gmt":"2013-11-09T22:08:44","slug":"9-november-1938-reichspogromnacht","status":"publish","type":"post","link":"https:\/\/www.antifaschistische-linke.de\/?p=2184","title":{"rendered":"Novemberpogrome 1938"},"content":{"rendered":"<p><img decoding=\"async\" alt=\"antifaklein\" src=\"http:\/\/www.antifaschistische-linke.de\/Bilder\/afalogoklein.png\" align=\"left\" \/><em>Donnerstag, 07.11.2013.<\/em><br \/>\n<strong>Reichsweit.<\/strong> Vor 75 Jahren kulminierte in den Novemberpogromen die schon fr\u00fch im Hitlerfaschismus begonnene Entrechtung und Diskriminierung der J\u00fcdinnen und Juden in Deutschland in einem vorl\u00e4ufigen H\u00f6hepunkt. W\u00e4hrend der staatlich organisierten und gelenkten Gewaltaktion wurden zwischen dem 7. und 13. November 1938 im ganzen Reich etwa 400 Menschen ermordet oder in den Selbstmord getrieben. \u00dcber 1.400 Synagogen, Betstuben und sonstige Versammlungsr\u00e4ume sowie tausende Gesch\u00e4fte, Wohnungen und j\u00fcdische Friedh\u00f6fe wurden zerst\u00f6rt. Zynischerweise wurden die deutschen Juden vom Regime f\u00fcr die an ihnen begangenen Verbrechen und die in diesem Zusammenhang begangenen Sachbesch\u00e4digungen verantwortlich gemacht und ihnen wurde als &#8222;S\u00fchneleistung&#8220; eine Strafsteuer von 1 Milliarde Reichsmark abverlangt. Ab dem 10. November wurden ungef\u00e4hr 30.000 Juden, von denen Hunderte ermordet wurden oder an den Haftfolgen starben, in Konzentrationslagern eingesperrt. Wir gedenken allen Opfern des Faschismus! Am Samstag, 9. November 2013 findet um 18.30 h am Platz der Alten Synagoge die traditionelle Kundegebung zum Gedenken an die Freiburger Juden statt.<\/p>\n","protected":false},"excerpt":{"rendered":"<p>Donnerstag, 07.11.2013. Reichsweit. Vor 75 Jahren kulminierte in den Novemberpogromen die schon fr\u00fch im Hitlerfaschismus begonnene Entrechtung und Diskriminierung der J\u00fcdinnen und Juden in Deutschland in einem vorl\u00e4ufigen H\u00f6hepunkt. W\u00e4hrend der staatlich organisierten und gelenkten Gewaltaktion wurden zwischen dem 7. und 13. November 1938 im ganzen Reich etwa 400 Menschen ermordet oder in den Selbstmord [&hellip;]<\/p>\n","protected":false},"author":1,"featured_media":0,"comment_status":"closed","ping_status":"closed","sticky":false,"template":"","format":"standard","meta":[],"categories":[1,3],"tags":[17,130,131,302,303,253],"_links":{"self":[{"href":"https:\/\/www.antifaschistische-linke.de\/index.php?rest_route=\/wp\/v2\/posts\/2184"}],"collection":[{"href":"https:\/\/www.antifaschistische-linke.de\/index.php?rest_route=\/wp\/v2\/posts"}],"about":[{"href":"https:\/\/www.antifaschistische-linke.de\/index.php?rest_route=\/wp\/v2\/types\/post"}],"author":[{"embeddable":true,"href":"https:\/\/www.antifaschistische-linke.de\/index.php?rest_route=\/wp\/v2\/users\/1"}],"replies":[{"embeddable":true,"href":"https:\/\/www.antifaschistische-linke.de\/index.php?rest_route=%2Fwp%2Fv2%2Fcomments&post=2184"}],"version-history":[{"count":0,"href":"https:\/\/www.antifaschistische-linke.de\/index.php?rest_route=\/wp\/v2\/posts\/2184\/revisions"}],"wp:attachment":[{"href":"https:\/\/www.antifaschistische-linke.de\/index.php?rest_route=%2Fwp%2Fv2%2Fmedia&parent=2184"}],"wp:term":[{"taxonomy":"category","embeddable":true,"href":"https:\/\/www.antifaschistische-linke.de\/index.php?rest_route=%2Fwp%2Fv2%2Fcategories&post=2184"},{"taxonomy":"post_tag","embeddable":true,"href":"https:\/\/www.antifaschistische-linke.de\/index.php?rest_route=%2Fwp%2Fv2%2Ftags&post=2184"}],"curies":[{"name":"wp","href":"https:\/\/api.w.org\/{rel}","templated":true}]}}