{"id":2196,"date":"2013-10-17T14:20:59","date_gmt":"2013-10-17T12:20:59","guid":{"rendered":"http:\/\/www.antifaschistische-linke.de\/?p=2196"},"modified":"2013-11-24T17:22:04","modified_gmt":"2013-11-24T16:22:04","slug":"21-november-veranstaltung-kurdische-demokratische-autonomie-zwischen-friedensprozess-repression-und-krieg","status":"publish","type":"post","link":"https:\/\/www.antifaschistische-linke.de\/?p=2196","title":{"rendered":"21.11: Veranstaltung &#8222;Kurdische Demokratische Autonomie zwischen Friedensprozess, Repression und Krieg&#8220;"},"content":{"rendered":"<p><img decoding=\"async\" loading=\"lazy\" class=\"alignleft size-medium wp-image-2240\" alt=\"kurdistan-flyer-front_web\" src=\"http:\/\/www.antifaschistische-linke.de\/wp-content\/uploads\/kurdistan-flyer-front_web-215x300.jpg\" width=\"215\" height=\"300\" \/>Am Donnerstag, den 21.November, findet im <a href=\"http:\/\/liz-freiburg.org\">Linken Zentrum Freiburg <em>\u00a1adelante!<\/em><\/a> [Gl\u00fc\u00admer\u00adstra\u00dfe 2] eine Veranstaltung unter dem Titel &#8222;Kurdische Demokratische Autonomie zwischen Friedensprozess, Repression und Krieg&#8220; mit der Rechtsanw\u00e4ltin und Publizistin <a href=\"http:\/\/www.schmetterling-verlag.de\/page-17_autor-6.htm\">Brigitte Kiechle<\/a> aus Karlsruhe statt, die j\u00fcngst an einer <a href=\"http:\/\/tatortkurdistan.blogsport.de\/\">Tatort Kurdistan<\/a> Delegation nach Westkurdistan teilnahm. Der Vortrag wird noch von einem Genossen aus Rojava erg\u00e4nzt werden.<\/p>\n<p>Los gehts um 20 Uhr, der Eintritt ist wie immer frei.<\/p>\n<p>Die Veranstaltung machen wir mit dem Kurdischen Demokratischen Kulturverein e.V. und werden dabei von der SJD &#8211; Die Falken KV Freiburg unterst\u00fctzt.<\/p>\n<p>Veranstaltung: Kurdische Demokratische Autonomie zwischen Friedensprozess, Repression und Krieg | Do, 21.Nov. | 20 Uhr | Linkes Zentrum Freiburg <em>\u00a1adelante!<\/em> | Gl\u00fc\u00admer\u00adstra\u00dfe 2<\/p>\n<p><strong>\u201eKurdische Demokratische Autonomie zwischen Friedensprozess, Repression und Krieg\u201c<\/strong><\/p>\n<p><em>In der T\u00fcrkei war seit Oktober 2012 der als historische Chance und M\u00f6glichkeit eingesch\u00e4tzte Friedensprozess im Gange. Doch der L\u00f6sungsprozess der kurdischen Frage geriet ins Stocken. Der R\u00fcckzug der PKK-Guerilla wurde gestoppt, denn die KCK-Trials gehen weiter, Abdullah \u00d6calan sitzt weiterhin in Isolationshaft und das t\u00fcrkische Milit\u00e4r baut seine Stellungen in Nordkurdistan aus. Das lange erwartete \u201eDemokratisierungspaket\u201c, mit dem Erdo\u011fan seine Reformbereitschaft innerhalb des Prozesses unterstreichen sollte, wird zur Farce.<\/em><\/p>\n<p><strong>Kurdische Demokratische Autonomie&#8230;<\/strong><br \/>\nFast zeitgleich kam die kurdische Bewegung bei der Verwirklichung und Umsetzung des Konzeptes Demokratische Autonomie in Westkurdistan (Rojava), das auf syrischem Staatsgebiet liegt, weiter. Sie schlagen im Windschatten des Krieges in Syrien einen \u201eDritten Weg\u201c ein, bauen ihre Selbstverwaltungs- und Selbstverteidigungsstrukturen auf und aus und geraten deswegen vermehrt ins Visier. Im relativ stabilen Osten des Landes sehen sich kurdische Kr\u00e4fte vermehrt aus der T\u00fcrkei eingesickerten islamistischen Kr\u00e4ften gegen\u00fcber. Gleichzeitig schlie\u00dft die Autonome Region Kurdistan im Nordirak die gemeinsame Grenze.<\/p>\n<p><strong>zwischen Friedensprozess, &#8230;<\/strong><br \/>\nEinseitig hat die kurdische Bewegung einen Waffenstillstand verk\u00fcndet, der im Newroz-Manifest von Abdullah \u00d6calan bekr\u00e4ftigt wurde und den Friedenswillen der kurdischen Seite weiter unterstreicht. Am 8. Mai 2013 begann die HPG (H\u00eaz\u00ean Parastina Gel &#8211; milit\u00e4rischer Arm der PKK) mit dem R\u00fcckzug ihrer Einheiten aus dem t\u00fcrkischen Staatsgebiet. Das weiterhin ignorante Verhalten der t\u00fcrkischen Regierung zwang die kurdische Bewegung zu einem Stopp des Guerilla-R\u00fcckzugs und der L\u00f6sungsprozess geriet ins Stocken. Gr\u00fcnde hierf\u00fcr waren die andauernde Inhaftierung tausender Aktivisten der sozialen Bewegungen und der kurdischen Freiheitsbewegung, die massive Militarisierung und der \u00f6kologische Kahlschlag durch den weiteren Ausbau der Staud\u00e4mme und Wasserkraftwerke und die andauernde Isolationshaft gegen Abdullah \u00d6calan, dem im Friedensprozess eine zentrale Rolle zukommt.<br \/>\n<strong><br \/>\n<!--more--><br \/>\nRepression, &#8230;<\/strong><br \/>\nAuch auf t\u00fcrkischem Staatsgebiet baut die kurdische Bewegung ihre Vorstellung von Selbstverwaltung, Basisdemokratie und\u00a0 Emanzipation von unten und auch gegen den t\u00fcrkischen Staat auf. Die Union der Gemeinden Kurdistans (Koma Civak\u00ean Kurdistan \u2013 KCK) soll entsprechend des Konzepts des \u201eDemokratischen Konf\u00f6deralismus\u201c eine Keimzelle einer neuen Gesellschaft bilden. Der\u00a0 t\u00fcrkische Staat reagiert mit einer Unmenge von Verfahren: Unter dem Vorwurf der Mitgliedschaft in der KCK wurden bei\u00a0 KCK-Operationen insgesamt \u00fcber 8000 Menschen &#8211; darunter Abgeordnete, B\u00fcrgermeister, Rechtsanw\u00e4lte, Journalisten,\u00a0 Gewerkschafter, Menschenrechtler, Sch\u00fcler &#8211; festgenommen, angeklagt, in U-Haft gefangen gehalten.<br \/>\nEinen Wendepunkt stellen die Taksim-Proteste auch f\u00fcr das Klima innerhalb der T\u00fcrkei dar: Nach anf\u00e4nglichem Z\u00f6gern schlossen sich die kurdischen Kr\u00e4fte entschlossen der Protestbewegung an. Die Hetze gegen die Bewegung, etwa durch die Bezeichnung aller\u00a0 Protestierenden als Terroristen und Marodeure, zeigte vielen Menschen die Analogie zur Darstellung der kurdischen Bewegung in den Verlautbarungen der Regierung oder der Medien. Diese Darstellungen werden nun offenbar kritischer hinterfragt.<\/p>\n<p><strong>&#8230;und Krieg.<\/strong><br \/>\nDie kurdischen Gebiete auf t\u00fcrkischem Staatsgebiet sind enorm militarisiert und stetig nimmt dies zu. Den R\u00fcckzug der HPG nutzte der t\u00fcrkische Staat zum weiteren Ausbau seiner Stellungen und Milit\u00e4reinrichtungen. Und auch die BRD mischt kr\u00e4ftig mit: Im Zuge der historischen Waffenbruderschaft zwischen Deutschland und der T\u00fcrkei schenkte die neue BRD so etwa nach der Einverleibung der DDR gro\u00dfe NVA-Best\u00e4nde dem Verb\u00fcndeten. Hunderttausende Tr\u00e4nengaskartuschen &#8222;Made in Germany&#8220; wurden gegen die Proteste auf dem Taksim-Platz eingesetzt. Verschiedene deutsche Sicherheitsbeh\u00f6rden bilden t\u00fcrkische Repressionsorgane aus. Heckler- und Koch hat mit Genehmigung der Bundesregierung einer t\u00fcrkischen Firma die Lizenz zur Fertigung des Schnellfeuergewehrs G36 \u00fcberlassen. und zu guter Letzt griff die BRD mit der Stationierung von Patriot-Raketen und der Entsendung von Bundeswehreinheiten in die kurdischen Gebiete indirekt auch in den Syrien-Krieg ein.<br \/>\nIn Westkurdistan ist die relative Stabilit\u00e4t der Region von islamistischen Kr\u00e4ften und geopolitischen Interessen verschiedener Fraktionen bedroht. Die T\u00fcrkei f\u00fcrchtet ob der Strahlkraft der Revolution in Westkurdistan f\u00fcr die kurdische Bewegung allgemein.<br \/>\nDerweil baut die kurdische Bewegung ihre Selbstverwaltung weiter auf, will per Verfassungswahlen den Status emokratisch legitimieren und wendet sich gegen eine Spaltung aufgrund von Kategorien wie Religionszugeh\u00f6rigkeit oder nach Bev\u00f6lkerungsgruppen.<\/p>\n<p>Wir haben Brigitte Kiechle, Rechtsanw\u00e4ltin und Publizistin aus Karlsruhe, zu einem Vortrag mit dem Titel \u201eKurdische Demokratische Autonomie zwischen Friedensprozess, Repression und Krieg\u201c eingeladen.<br \/>\nDie Referentin wird j\u00fcngst von einer Delegation aus Rojava \/ Westkurdistan zur\u00fcckgekehrt sein und ihre Eindr\u00fccke der Demokratischen Autonomie schildern, auf die internationalen Zusammenh\u00e4nge eingehen und so ein eindr\u00fcckliches Bild eines kurdischen Aufbruchs in Bewegung zeichnen.<\/p>\n<p>Lesetipps:<br \/>\nPKK &#8211; Perspektiven des kurdischen Befreiungskampfes: Zwischen Selbstbestimmung, EU und Islam, Brauns, Nikolaus \/ Kiechle, Brigitte, Schmetterling Verlag, Stuttgart 2010.<br \/>\nInfos zur Entwicklung in Westkurdistan gibt&#8217;s <a href=\"http:\/\/www.nadir.org\/nadir\/initiativ\/isku\/hintergrund\/westkurdistan\/index.htm\">auf dieser Sonderseite von ISKU.<\/a><\/p>\n","protected":false},"excerpt":{"rendered":"<p>Am Donnerstag, den 21.November, findet im Linken Zentrum Freiburg \u00a1adelante! [Gl\u00fc\u00admer\u00adstra\u00dfe 2] eine Veranstaltung unter dem Titel &#8222;Kurdische Demokratische Autonomie zwischen Friedensprozess, Repression und Krieg&#8220; mit der Rechtsanw\u00e4ltin und Publizistin Brigitte Kiechle aus Karlsruhe statt, die j\u00fcngst an einer Tatort Kurdistan Delegation nach Westkurdistan teilnahm. Der Vortrag wird noch von einem Genossen aus Rojava erg\u00e4nzt [&hellip;]<\/p>\n","protected":false},"author":1,"featured_media":0,"comment_status":"closed","ping_status":"closed","sticky":false,"template":"","format":"standard","meta":[],"categories":[5,6,4,7,9,11],"tags":[127,266,263,13,264,265,881,51,12,14,18,261,262],"_links":{"self":[{"href":"https:\/\/www.antifaschistische-linke.de\/index.php?rest_route=\/wp\/v2\/posts\/2196"}],"collection":[{"href":"https:\/\/www.antifaschistische-linke.de\/index.php?rest_route=\/wp\/v2\/posts"}],"about":[{"href":"https:\/\/www.antifaschistische-linke.de\/index.php?rest_route=\/wp\/v2\/types\/post"}],"author":[{"embeddable":true,"href":"https:\/\/www.antifaschistische-linke.de\/index.php?rest_route=\/wp\/v2\/users\/1"}],"replies":[{"embeddable":true,"href":"https:\/\/www.antifaschistische-linke.de\/index.php?rest_route=%2Fwp%2Fv2%2Fcomments&post=2196"}],"version-history":[{"count":0,"href":"https:\/\/www.antifaschistische-linke.de\/index.php?rest_route=\/wp\/v2\/posts\/2196\/revisions"}],"wp:attachment":[{"href":"https:\/\/www.antifaschistische-linke.de\/index.php?rest_route=%2Fwp%2Fv2%2Fmedia&parent=2196"}],"wp:term":[{"taxonomy":"category","embeddable":true,"href":"https:\/\/www.antifaschistische-linke.de\/index.php?rest_route=%2Fwp%2Fv2%2Fcategories&post=2196"},{"taxonomy":"post_tag","embeddable":true,"href":"https:\/\/www.antifaschistische-linke.de\/index.php?rest_route=%2Fwp%2Fv2%2Ftags&post=2196"}],"curies":[{"name":"wp","href":"https:\/\/api.w.org\/{rel}","templated":true}]}}