{"id":2236,"date":"2013-10-28T11:43:02","date_gmt":"2013-10-28T10:43:02","guid":{"rendered":"http:\/\/www.antifaschistische-linke.de\/?p=2236"},"modified":"2013-10-28T11:43:02","modified_gmt":"2013-10-28T10:43:02","slug":"1-jahr-arbeiskreis-gegen-krieg-und-militarisierung-akm-freiburg","status":"publish","type":"post","link":"https:\/\/www.antifaschistische-linke.de\/?p=2236","title":{"rendered":"1 Jahr Arbeiskreis gegen Krieg und Militarisierung (AKM) Freiburg"},"content":{"rendered":"<p><img decoding=\"async\" alt=\"\" src=\"http:\/\/www.antifaschistische-linke.de\/Bilder\/kbh.png\" align=\"left\" \/><em>Montag, 28.10.2013<\/em><br \/>\n<strong>Freiburg. <\/strong> Der <a href=\"http:\/\/akm-freiburg,tk\">Arbeitskreis gegen Krieg und Militarisierung (AKM) Freiburg<\/a> besteht nun seit einem Jahr und hat <a href=\"https:\/\/linksunten.indymedia.org\/de\/node\/98194\">eine \u00dcbersicht seiner Aktivit\u00e4ten<\/a> ver\u00f6ffentlicht.<\/p>\n","protected":false},"excerpt":{"rendered":"<p>Montag, 28.10.2013 Freiburg. Der Arbeitskreis gegen Krieg und Militarisierung (AKM) Freiburg besteht nun seit einem Jahr und hat eine \u00dcbersicht seiner Aktivit\u00e4ten ver\u00f6ffentlicht.<\/p>\n","protected":false},"author":1,"featured_media":0,"comment_status":"closed","ping_status":"closed","sticky":false,"template":"","format":"standard","meta":[],"categories":[5,3],"tags":[296,69,297,298,295,95],"_links":{"self":[{"href":"https:\/\/www.antifaschistische-linke.de\/index.php?rest_route=\/wp\/v2\/posts\/2236"}],"collection":[{"href":"https:\/\/www.antifaschistische-linke.de\/index.php?rest_route=\/wp\/v2\/posts"}],"about":[{"href":"https:\/\/www.antifaschistische-linke.de\/index.php?rest_route=\/wp\/v2\/types\/post"}],"author":[{"embeddable":true,"href":"https:\/\/www.antifaschistische-linke.de\/index.php?rest_route=\/wp\/v2\/users\/1"}],"replies":[{"embeddable":true,"href":"https:\/\/www.antifaschistische-linke.de\/index.php?rest_route=%2Fwp%2Fv2%2Fcomments&post=2236"}],"version-history":[{"count":0,"href":"https:\/\/www.antifaschistische-linke.de\/index.php?rest_route=\/wp\/v2\/posts\/2236\/revisions"}],"wp:attachment":[{"href":"https:\/\/www.antifaschistische-linke.de\/index.php?rest_route=%2Fwp%2Fv2%2Fmedia&parent=2236"}],"wp:term":[{"taxonomy":"category","embeddable":true,"href":"https:\/\/www.antifaschistische-linke.de\/index.php?rest_route=%2Fwp%2Fv2%2Fcategories&post=2236"},{"taxonomy":"post_tag","embeddable":true,"href":"https:\/\/www.antifaschistische-linke.de\/index.php?rest_route=%2Fwp%2Fv2%2Ftags&post=2236"}],"curies":[{"name":"wp","href":"https:\/\/api.w.org\/{rel}","templated":true}]}}