{"id":2279,"date":"2013-11-12T11:54:54","date_gmt":"2013-11-12T10:54:54","guid":{"rendered":"http:\/\/www.antifaschistische-linke.de\/?p=2279"},"modified":"2013-11-12T18:03:37","modified_gmt":"2013-11-12T17:03:37","slug":"aller-guten-dinge-sind-3-blockupy-freiburg-ladt-ein","status":"publish","type":"post","link":"https:\/\/www.antifaschistische-linke.de\/?p=2279","title":{"rendered":"Aller guten Dinge sind drei &#8211; Blockupy Freiburg l\u00e4dt ein!"},"content":{"rendered":"<p><strong><img decoding=\"async\" loading=\"lazy\" class=\"alignleft  wp-image-2303\" style=\"margin: 5px;\" alt=\"letschoosecommunism\" src=\"http:\/\/www.antifaschistische-linke.de\/wp-content\/uploads\/letschoosecommunism-300x199.jpg\" width=\"240\" height=\"159\" \/>Mo., 25.11.2013 | 19 Uhr | Offenes Treffen, <a href=\"http:\/\/blockupyfreiburg.blogsport.eu\/das-buendnis\/\">Blockupy B\u00fcndnis Freiburg<\/a> <\/strong><\/p>\n<p>Aller guten Dinge sind drei! &#8211; Let&#8217;s get up for Blockupy<\/p>\n<p>Blockupy Freiburg l\u00e4dt ein: Am Montag, den 25.November um 19 Uhr, ins <a href=\"http:\/\/liz-freiburg.org\">Linke Zentrum <em>\u00a1adelante!<\/em><\/a> (Gl\u00fcmerstra\u00dfe 2 | Freiburg-Wiehre). Gemeinsam wollen wir 2014 Blockupy zum dritten Mal in Folge gestalten.<br \/>\nUnd diesmal geht&#8217;s ans Eingemachte. Nach dem tollen ersten Treffen mit vielen alten und neuen Gesichtern wollen wir mit unseren Planungen durchstarten.<\/p>\n<p>Nochmal der Aufruf: \u00dcberlegt euch, was f\u00fcr Veranstaltungen ihr im Rahmen des Blockupy-B\u00fcndnisses beisteuern k\u00f6nnt. Was sind eure Kapazit\u00e4ten f\u00fcr eine konkrete Mitarbeit. Packt einen Koffer voller Ideen f\u00fcr m\u00f6gliche Aktionstage im Mai. Fragt, wer Lust auf das Blockupy-B\u00fcndnis hat und ladet ein!<\/p>\n<p>Wir haben den Rahmen abgesteckt, wie Blockupy bundesweit aber auch in Freiburg im n\u00e4chsten Jahr aussehen wird oder kann. Neuste Infos dazu werden auch Leute von der europ\u00e4ischen Aktionskonferenz aus Frankfurt mitbringen. Diese findet vom 22-24.November statt. Wer aus Freiburg noch Lust hat mitzufahren meldet sich einfach unter blockupyfreiburg@gmail.com.<\/p>\n<p>Blockupy wird 2014 wieder da sein, um gegen die Er\u00f6ffnung der neuen EZB-Zentrale zu protestieren. Blockupy wird auch hier in Freiburg wieder vor Ort sein. Wir stehen noch am Anfang unserer Planungen. Gemeinsam mit euch wollen wir die n\u00e4chsten Schritte beraten.<\/p>\n<p>Setzten wir der Krisenpolitik der Troika entschieden etwas entgegen!<br \/>\nDarum hei\u00dft Blockupy-Freiburg: Laut und kreativ sein!<\/p>\n<p>Infos gibt\u2019s auch unter <a href=\"http:\/\/blockupy.org\">blockupy.org<\/a> und auf <a href=\"http:\/\/blockupy-freiburg.tk\">Blockupy Freiburg<\/a><\/p>\n<p>Kommt mit vielen Ideen f\u00fcr 2014!<\/p>\n","protected":false},"excerpt":{"rendered":"<p>Mo., 25.11.2013 | 19 Uhr | Offenes Treffen, Blockupy B\u00fcndnis Freiburg Aller guten Dinge sind drei! &#8211; Let&#8217;s get up for Blockupy Blockupy Freiburg l\u00e4dt ein: Am Montag, den 25.November um 19 Uhr, ins Linke Zentrum \u00a1adelante! (Gl\u00fcmerstra\u00dfe 2 | Freiburg-Wiehre). Gemeinsam wollen wir 2014 Blockupy zum dritten Mal in Folge gestalten. Und diesmal geht&#8217;s [&hellip;]<\/p>\n","protected":false},"author":1,"featured_media":0,"comment_status":"closed","ping_status":"closed","sticky":false,"template":"","format":"standard","meta":[],"categories":[6,4,7],"tags":[86,127,83,87,320,89],"_links":{"self":[{"href":"https:\/\/www.antifaschistische-linke.de\/index.php?rest_route=\/wp\/v2\/posts\/2279"}],"collection":[{"href":"https:\/\/www.antifaschistische-linke.de\/index.php?rest_route=\/wp\/v2\/posts"}],"about":[{"href":"https:\/\/www.antifaschistische-linke.de\/index.php?rest_route=\/wp\/v2\/types\/post"}],"author":[{"embeddable":true,"href":"https:\/\/www.antifaschistische-linke.de\/index.php?rest_route=\/wp\/v2\/users\/1"}],"replies":[{"embeddable":true,"href":"https:\/\/www.antifaschistische-linke.de\/index.php?rest_route=%2Fwp%2Fv2%2Fcomments&post=2279"}],"version-history":[{"count":0,"href":"https:\/\/www.antifaschistische-linke.de\/index.php?rest_route=\/wp\/v2\/posts\/2279\/revisions"}],"wp:attachment":[{"href":"https:\/\/www.antifaschistische-linke.de\/index.php?rest_route=%2Fwp%2Fv2%2Fmedia&parent=2279"}],"wp:term":[{"taxonomy":"category","embeddable":true,"href":"https:\/\/www.antifaschistische-linke.de\/index.php?rest_route=%2Fwp%2Fv2%2Fcategories&post=2279"},{"taxonomy":"post_tag","embeddable":true,"href":"https:\/\/www.antifaschistische-linke.de\/index.php?rest_route=%2Fwp%2Fv2%2Ftags&post=2279"}],"curies":[{"name":"wp","href":"https:\/\/api.w.org\/{rel}","templated":true}]}}