{"id":2314,"date":"2013-11-16T18:26:08","date_gmt":"2013-11-16T17:26:08","guid":{"rendered":"http:\/\/www.antifaschistische-linke.de\/?p=2314"},"modified":"2013-11-16T18:26:08","modified_gmt":"2013-11-16T17:26:08","slug":"und-schon-wieder-im-roessle-findet-heute-abend-ein-nazikonzert-statt","status":"publish","type":"post","link":"https:\/\/www.antifaschistische-linke.de\/?p=2314","title":{"rendered":"Und schon wieder: Im R\u00f6ssle findet heute Abend ein Nazikonzert statt."},"content":{"rendered":"<p><img decoding=\"async\" alt=\"antifaklein\" src=\"http:\/\/www.antifaschistische-linke.de\/Bilder\/afalogoklein.png\" align=\"left\" \/><em>Samstag, 16.11.2013.<\/em><br \/>\n<strong>Rheinm\u00fcnster-S\u00f6llingen. <\/strong> Im reaktivierten Nazizentrum <a href=\"http:\/\/schachmatt.blogsport.de\">&#8222;R\u00f6ssle&#8220; in Rheinm\u00fcnster-S\u00f6llingen<\/a> findet, <a href=\"http:\/\/www.antifaschistische-linke.de\/?p=1830\">nach dem Hammerskins-Konzert im Juni<\/a>, dem <a href=\"http:\/\/www.antifaschistische-linke.de\/?p=2080\">Konzert Anfang Oktober zum 20-J\u00e4hrigen Bestehen der Kameradschaft Karlsruhe, <\/a>dem Konzert Ende Oktober und <a href=\"https:\/\/linksunten.indymedia.org\/de\/node\/98997\">dem Konzert <\/a>am <a href=\"http:\/\/www.antifaschistische-linke.de\/?p=2273 \">9.November<\/a>,\u00a0 heute schon wieder ein Nazikonzert statt. Organisiert wird die Veranstaltung, die urspr\u00fcnglich <a href=\"http:\/\/www.endstation-rechts.de\/news\/kategorie\/musik-konzerte\/artikel\/dortmund-verdirbt-neonazi-hooligan-siegfried-ss-siggi-borchardt-den-geburtstag.html\">in Dortmund stattfinden sollte <\/a>und von der<a href=\"http:\/\/www.derwesten.de\/staedte\/dortmund\/stadt-verbietet-neonazi-konzert-in-lagerhalle-am-hafen-id8672073.html\"> Stadt Dortmund verboten<\/a> wurde,\u00a0von der Partei &#8222;Die Rechte&#8220;. Beworben wird das Nazikonzert als Feier zum 60. Geburtstag von <a href=\"https:\/\/de.wikipedia.org\/wiki\/Siegfried_Borchardt\">Siegfried &#8222;SS-Siggi&#8220; Borchardt<\/a>. Spielen sollen &#8222;Die Lunikoff Verschw\u00f6rung&#8220;,\u00a0Nachfolgeprojekt der nach \u00a7129 verbotenen Naziband &#8222;Landser&#8220;, &#8222;Sachsonia&#8220;, &#8222;Words of Anger&#8220; und &#8222;Kl\u00e4nge des Blutes&#8220;. Es gibt kein ruhiges Hinterland &#8211; R\u00f6ssle Schachmatt!<\/p>\n","protected":false},"excerpt":{"rendered":"<p>Samstag, 16.11.2013. Rheinm\u00fcnster-S\u00f6llingen. Im reaktivierten Nazizentrum &#8222;R\u00f6ssle&#8220; in Rheinm\u00fcnster-S\u00f6llingen findet, nach dem Hammerskins-Konzert im Juni, dem Konzert Anfang Oktober zum 20-J\u00e4hrigen Bestehen der Kameradschaft Karlsruhe, dem Konzert Ende Oktober und dem Konzert am 9.November,\u00a0 heute schon wieder ein Nazikonzert statt. Organisiert wird die Veranstaltung, die urspr\u00fcnglich in Dortmund stattfinden sollte und von der Stadt Dortmund [&hellip;]<\/p>\n","protected":false},"author":1,"featured_media":0,"comment_status":"closed","ping_status":"closed","sticky":false,"template":"","format":"standard","meta":[],"categories":[1,3],"tags":[328,327,236,141,326,325],"_links":{"self":[{"href":"https:\/\/www.antifaschistische-linke.de\/index.php?rest_route=\/wp\/v2\/posts\/2314"}],"collection":[{"href":"https:\/\/www.antifaschistische-linke.de\/index.php?rest_route=\/wp\/v2\/posts"}],"about":[{"href":"https:\/\/www.antifaschistische-linke.de\/index.php?rest_route=\/wp\/v2\/types\/post"}],"author":[{"embeddable":true,"href":"https:\/\/www.antifaschistische-linke.de\/index.php?rest_route=\/wp\/v2\/users\/1"}],"replies":[{"embeddable":true,"href":"https:\/\/www.antifaschistische-linke.de\/index.php?rest_route=%2Fwp%2Fv2%2Fcomments&post=2314"}],"version-history":[{"count":0,"href":"https:\/\/www.antifaschistische-linke.de\/index.php?rest_route=\/wp\/v2\/posts\/2314\/revisions"}],"wp:attachment":[{"href":"https:\/\/www.antifaschistische-linke.de\/index.php?rest_route=%2Fwp%2Fv2%2Fmedia&parent=2314"}],"wp:term":[{"taxonomy":"category","embeddable":true,"href":"https:\/\/www.antifaschistische-linke.de\/index.php?rest_route=%2Fwp%2Fv2%2Fcategories&post=2314"},{"taxonomy":"post_tag","embeddable":true,"href":"https:\/\/www.antifaschistische-linke.de\/index.php?rest_route=%2Fwp%2Fv2%2Ftags&post=2314"}],"curies":[{"name":"wp","href":"https:\/\/api.w.org\/{rel}","templated":true}]}}