{"id":2316,"date":"2013-11-16T18:44:25","date_gmt":"2013-11-16T17:44:25","guid":{"rendered":"http:\/\/www.antifaschistische-linke.de\/?p=2316"},"modified":"2013-11-30T15:31:42","modified_gmt":"2013-11-30T14:31:42","slug":"aufruf-gemeinsam-gegen-das-bundeswehr-konzert-in-freiburg-2","status":"publish","type":"post","link":"https:\/\/www.antifaschistische-linke.de\/?p=2316","title":{"rendered":"10.12. Gemeinsam gegen das Bundeswehr-Konzert in Freiburg!"},"content":{"rendered":"<p><img decoding=\"async\" loading=\"lazy\" class=\"alignleft  wp-image-2344\" style=\"margin: 10px;\" alt=\"mobiweb\" src=\"http:\/\/www.antifaschistische-linke.de\/wp-content\/uploads\/mobiweb.png\" width=\"199\" height=\"219\" \/><em><\/em><\/p>\n<p><strong>+++ Aufruf online +++ Mobi-Material im\u00a0<em>\u00a1adelante!<\/em> +++ Veranstaltungen am 29.11 &amp; 6.12. +++ Offener Brief an Pfarrer Kienzler +++ Bastel-Tag am 7.12. +++ Treffpunkt zu Protesten: 18 Uhr | KuCa +++<\/strong><\/p>\n<p><em>Am 10.12.13 findet in Freiburg-Littenweiler in der Kirche St. Barbara zum wiederholten Mal ein Adventskonzert des Luftwaffenmusikkorps 2 der Bundeswehr statt. Trotz starker Proteste im letzten Jahr wird erneut versucht, unter dem Label einer kriegsf\u00fchrenden Armee eine kulturelle Veranstaltung durchzuf\u00fchren und die Bundeswehr als einen \u201enormalen\u201c Teil der Gesellschaft darzustellen.<\/em><\/p>\n<p><strong>Die Bundeswehr f\u00fchrt Krieg! <\/strong><\/p>\n<p>Ob in Afghanistan, im Kosovo oder vor der K\u00fcste Somalias \u2013 seit 1999 beteiligt sich Deutschland wieder aktiv an Kriegen. Bei diesen Eins\u00e4tzen geht es nicht um \u201eMenschenw\u00fcrde, Freiheit und Demokratie\u201c, wie so oft propagiert wird. Die Kriegseins\u00e4tze, an denen die Bundeswehr beteiligt sind, bedeuten f\u00fcr die Menschen vor Ort immer eine Katastrophe! Angebliche Hilfsma\u00dfnahmen und humanit\u00e4re Hilfseins\u00e4tze dienen\u00a0 hier lediglich als Alibi zur Legitimierung der Eins\u00e4tze. In erster Linie werden deutsche Wirtschaftsinteressen verfolgt. So sicherten vergangene Kriegseins\u00e4tze z.B. in Afghanistan oder dem Sudan vor allem einen besseren Zugriff auf \u00f6rtliche M\u00e4rkte und Ressourcen.<\/p>\n<p><strong><!--more-->Die Bundeswehr ist kein\u00a0 Kulturverein! <\/strong><\/p>\n<p>Auch das geplante Konzert am 10.12. ist bereits Propaganda f\u00fcr laufende und zuk\u00fcnftige Kriege. Vor allem seit dem Aussetzen der Wehrpflicht und der damit einhergehenden Umstrukturierung der Bundeswehr ist sie darauf angewiesen, auf junge Menschen attraktiv zu wirken und versucht bei \u00f6ffentlichen Gel\u00f6bnissen, Infost\u00e4nden auf Messen, bei Werbung in den Medien, Jugendoffizieren in Schulen oder Konzerten von\u00a0 Musikkorps sich als gew\u00f6hnliche Arbeitgeberin und Bestandteil der Gesellschaft darzustellen. Hier wird\u00a0 versucht, potentielle neue RekrutInnen zu erreichen und Akzeptanz in der Gesellschaft zu erlangen, um die Kriegseins\u00e4tze im Ausland r\u00fcckwirkend zu legitimieren.<\/p>\n<p>Bereits im letzten Jahr hatten wir uns dazu entschlossen, diese als Kulturveranstaltung getarnte Propaganda f\u00fcr den n\u00e4chsten Krieg nicht l\u00e4nger hinzunehmen. Nach einer entschlossenen Mobilisierungphase demonstrierten wir mit Die-Ins, Kriegsger\u00e4uschen, Samba-Band, Transparenten, Schildern, einem Leopoard-Panzer aus Holz, dem Aufh\u00e4ngen der gesammelten\u00a0 Unterschriften, einem Redebeitrag und Parolen vor und w\u00e4hrend des Konzerts und machten die Bev\u00f6lkerung auf die wahren Hintergr\u00fcnde dieser Veranstaltung aufmerksam. Auch in diesem Jahr sind wir nicht weniger entschlossen, den Protest in die \u00d6ffentlichkeit zu tragen und der Kriegswerbung die Stirn zu bieten.<\/p>\n<p>Kriegspropaganda darf kein Raum geboten werden! Weder die Kirche noch die Schule, Uni oder andere \u00f6ffentliche Einrichtungen d\u00fcrfen sich f\u00fcr milit\u00e4rische Zwecke einspannen lassen. Wir fordern den sofortigen Stopp aller Auslandseins\u00e4tze. Krieg darf kein Mittel der Politik sein.<\/p>\n<p>F\u00fcr uns alle muss die Losung gelten:\u00a0\u00a0\u00a0\u00a0\u00a0\u00a0\u00a0\u00a0 Krieg ist keine L\u00f6sung!<br \/>\n<strong>Nie wieder Krieg! <\/strong><\/p>\n<p>Den Aufruf unterst\u00fctzen:<\/p>\n<p>Antifaschistische Linke Freiburg<br \/>\nArbeitskreis gegen Krieg und Militarisierung (AKM) Freiburg<br \/>\nDeutsche Friedensgesellschaft &#8211; Verband der Kriegsdienstgegner Freiburg (DFG-VK)<br \/>\nDie Linke Freiburg<br \/>\nDie Linke.SDS Freiburg<br \/>\nDKP Freiburg<br \/>\nFraktionsgemeinschaft Unabh\u00e4ngige Listen Freiburg<br \/>\nFrauen in Schwarz &#8211; Gegen den Krieg<br \/>\nFriedensforum Freiburg<br \/>\nHendrijk Guzzoni, Stadtrat der Linken Liste-Solidarische Stadt.<br \/>\nJ\u00fcrgen Gr\u00e4sslin, Bundessprecher DFG-VK, Tr\u00e4ger des Aachener Friedenspreises<br \/>\nProf. Dr. G\u00fcnter Rausch<br \/>\nLinke Liste &#8211; Solidarische Stadt Freiburg<br \/>\nLinksjugend [&#8217;solid] Freiburg<br \/>\nSDAJ Freiburg<br \/>\nSusanne Dorer, Gewerkschaftssekret\u00e4rin ver.di S\u00fcdbaden<br \/>\nUnabh\u00e4ngige Frauen Freiburg<br \/>\nVereinigung der Verfolgten den Naziregimes-Bund der Antifaschistinnen Antifaschisten Freiburg (VVN-BdA)<\/p>\n<p><strong>Treffpunkt f\u00fcr die Proteste gegen das BW-Konzert:<\/strong><\/p>\n<p>10.Dezember | 18 Uhr | KuCa | H\u00f6llentalstra\u00dfe 2<\/p>\n<p>Zuvor finden noch Veranstaltungen statt:<br \/>\n# <strong>Bundeswehr im Klassenzimmer und im \u00f6ffentlichen Raum.<\/strong> Zur Militarisierung der Gesellschaft.<br \/>\n29.November | 19 Uhr | Lin\u00adkes Zen\u00adtrum Frei\u00adburg <em>\u00a1adelante!<\/em> | Gl\u00fc\u00admer\u00adstra\u00dfe 2<br \/>\nVeranstaltet von: Arbeitskreis gegen Krieg und Militarisierung (AKM) Freiburg<\/p>\n<p>#<strong> Zivil-Milit\u00e4rische Zusammenarbeit und Militarisierung der Gesellschaft&#8230;<\/strong><br \/>\noder: Warum denkt niemand \u00fcber die Abschaffung der Bundeswehr nach?<br \/>\n06.Dezember | 18 Uhr | Lin\u00adkes Zen\u00adtrum Frei\u00adburg \u00a1adelante! | Gl\u00fc\u00admer\u00adstra\u00dfe 2<br \/>\nVeranstaltet von: Arbeitskreis gegen Krieg und Militarisierung (AKM) Freiburg &amp; Linksjugend [&#8217;solid] Freiburg<\/p>\n<p># <strong>Bastel-Mittag <\/strong><br \/>\n07.Dezember | 13 Uhr | Lin\u00adkes Zen\u00adtrum Frei\u00adburg <em>\u00a1adelante!<\/em> | Gl\u00fc\u00admer\u00adstra\u00dfe 2<br \/>\nWir wollen Materialen f\u00fcr die Proteste basteln. Kommt vorbei und bringt euch ein!<\/p>\n","protected":false},"excerpt":{"rendered":"<p>+++ Aufruf online +++ Mobi-Material im\u00a0\u00a1adelante! +++ Veranstaltungen am 29.11 &amp; 6.12. +++ Offener Brief an Pfarrer Kienzler +++ Bastel-Tag am 7.12. +++ Treffpunkt zu Protesten: 18 Uhr | KuCa +++ Am 10.12.13 findet in Freiburg-Littenweiler in der Kirche St. Barbara zum wiederholten Mal ein Adventskonzert des Luftwaffenmusikkorps 2 der Bundeswehr statt. Trotz starker Proteste [&hellip;]<\/p>\n","protected":false},"author":1,"featured_media":0,"comment_status":"closed","ping_status":"closed","sticky":false,"template":"","format":"standard","meta":[],"categories":[10,5,7],"tags":[69,86,880,47,52,330,101,13,147,329,332,331,149],"_links":{"self":[{"href":"https:\/\/www.antifaschistische-linke.de\/index.php?rest_route=\/wp\/v2\/posts\/2316"}],"collection":[{"href":"https:\/\/www.antifaschistische-linke.de\/index.php?rest_route=\/wp\/v2\/posts"}],"about":[{"href":"https:\/\/www.antifaschistische-linke.de\/index.php?rest_route=\/wp\/v2\/types\/post"}],"author":[{"embeddable":true,"href":"https:\/\/www.antifaschistische-linke.de\/index.php?rest_route=\/wp\/v2\/users\/1"}],"replies":[{"embeddable":true,"href":"https:\/\/www.antifaschistische-linke.de\/index.php?rest_route=%2Fwp%2Fv2%2Fcomments&post=2316"}],"version-history":[{"count":0,"href":"https:\/\/www.antifaschistische-linke.de\/index.php?rest_route=\/wp\/v2\/posts\/2316\/revisions"}],"wp:attachment":[{"href":"https:\/\/www.antifaschistische-linke.de\/index.php?rest_route=%2Fwp%2Fv2%2Fmedia&parent=2316"}],"wp:term":[{"taxonomy":"category","embeddable":true,"href":"https:\/\/www.antifaschistische-linke.de\/index.php?rest_route=%2Fwp%2Fv2%2Fcategories&post=2316"},{"taxonomy":"post_tag","embeddable":true,"href":"https:\/\/www.antifaschistische-linke.de\/index.php?rest_route=%2Fwp%2Fv2%2Ftags&post=2316"}],"curies":[{"name":"wp","href":"https:\/\/api.w.org\/{rel}","templated":true}]}}