{"id":2330,"date":"2013-11-19T18:27:44","date_gmt":"2013-11-19T17:27:44","guid":{"rendered":"http:\/\/www.antifaschistische-linke.de\/?p=2330"},"modified":"2013-11-19T18:27:44","modified_gmt":"2013-11-19T17:27:44","slug":"mobilisierung-gegen-das-bundeswehr-konzert-in-freiburg","status":"publish","type":"post","link":"https:\/\/www.antifaschistische-linke.de\/?p=2330","title":{"rendered":"Mobilisierung gegen das Bundeswehr-Konzert in Freiburg"},"content":{"rendered":"<p><img decoding=\"async\" alt=\"\" src=\"http:\/\/www.antifaschistische-linke.de\/Bilder\/kbh.png\" align=\"left\" \/><em>Dienstag, 19.11.2013<\/em><br \/>\n<strong>Freiburg. <\/strong>Plakate, Flyer und Aufkleber zur Moblisierung gegen das Bundeswehr-Konzert in Freiburg am 10.Dezember liegen im <a href=\"http:\/\/liz-freiburg.org\">Linken Zentrum Frei\u00adburg<\/a> <em>\u00a1adelante!<\/em> und k\u00f6nnen abgeholt und verteilt werden. Gegen das Konzert ging <a href=\"http:\/\/www.antifaschistische-linke.de\/?p=2316\">ein Aufruf<\/a>, der breit unterst\u00fctzt wird, online. Zudem finden im Vorfeld zwei inhaltliche Veranstaltungen und ein Bastel-Nachmittag mit Waffeln statt. Treffpunkt f\u00fcr die Proteste am 10.Dezember ist um 18 Uhr beim KuCa ( H\u00f6llentalstra\u00dfe 2).<\/p>\n","protected":false},"excerpt":{"rendered":"<p>Dienstag, 19.11.2013 Freiburg. Plakate, Flyer und Aufkleber zur Moblisierung gegen das Bundeswehr-Konzert in Freiburg am 10.Dezember liegen im Linken Zentrum Frei\u00adburg \u00a1adelante! und k\u00f6nnen abgeholt und verteilt werden. Gegen das Konzert ging ein Aufruf, der breit unterst\u00fctzt wird, online. Zudem finden im Vorfeld zwei inhaltliche Veranstaltungen und ein Bastel-Nachmittag mit Waffeln statt. Treffpunkt f\u00fcr die [&hellip;]<\/p>\n","protected":false},"author":1,"featured_media":0,"comment_status":"closed","ping_status":"closed","sticky":false,"template":"","format":"standard","meta":[],"categories":[5,3],"tags":[69,127,880,333,52,13,95],"_links":{"self":[{"href":"https:\/\/www.antifaschistische-linke.de\/index.php?rest_route=\/wp\/v2\/posts\/2330"}],"collection":[{"href":"https:\/\/www.antifaschistische-linke.de\/index.php?rest_route=\/wp\/v2\/posts"}],"about":[{"href":"https:\/\/www.antifaschistische-linke.de\/index.php?rest_route=\/wp\/v2\/types\/post"}],"author":[{"embeddable":true,"href":"https:\/\/www.antifaschistische-linke.de\/index.php?rest_route=\/wp\/v2\/users\/1"}],"replies":[{"embeddable":true,"href":"https:\/\/www.antifaschistische-linke.de\/index.php?rest_route=%2Fwp%2Fv2%2Fcomments&post=2330"}],"version-history":[{"count":0,"href":"https:\/\/www.antifaschistische-linke.de\/index.php?rest_route=\/wp\/v2\/posts\/2330\/revisions"}],"wp:attachment":[{"href":"https:\/\/www.antifaschistische-linke.de\/index.php?rest_route=%2Fwp%2Fv2%2Fmedia&parent=2330"}],"wp:term":[{"taxonomy":"category","embeddable":true,"href":"https:\/\/www.antifaschistische-linke.de\/index.php?rest_route=%2Fwp%2Fv2%2Fcategories&post=2330"},{"taxonomy":"post_tag","embeddable":true,"href":"https:\/\/www.antifaschistische-linke.de\/index.php?rest_route=%2Fwp%2Fv2%2Ftags&post=2330"}],"curies":[{"name":"wp","href":"https:\/\/api.w.org\/{rel}","templated":true}]}}