{"id":2364,"date":"2013-12-02T19:21:50","date_gmt":"2013-12-02T18:21:50","guid":{"rendered":"http:\/\/www.antifaschistische-linke.de\/?p=2364"},"modified":"2013-12-02T19:25:07","modified_gmt":"2013-12-02T18:25:07","slug":"rdl-interview-zum-bundeswehr-konzert-in-freiburg","status":"publish","type":"post","link":"https:\/\/www.antifaschistische-linke.de\/?p=2364","title":{"rendered":"RDL-Interview zum Bundeswehr-Konzert in Freiburg"},"content":{"rendered":"<p><img decoding=\"async\" alt=\"\" src=\"http:\/\/www.antifaschistische-linke.de\/Bilder\/kbh.png\" align=\"left\" \/><em>Montag, 02.12.2013<\/em><br \/>\n<strong>Freiburg. <\/strong> Zwei Aktivisten des <a href=\"http:\/\/akm-freiburg.tk\">Arbeitskreis gegen Krieg und Militarisierung (AKM) Freiburg <\/a>haben bei <a href=\"http:\/\/rdl.de\">Radio Dreyeckland<\/a> ein <a href=\"http:\/\/rdl.de\/index.php?option=com_content&amp;view=article&amp;id=22903:adventsblasenfuersmilitaerimage&amp;catid=236&amp;Itemid=201\">Interview gegeben.<\/a> Es geht um die Proteste gegen das f\u00fcr den 10.Dezember in Freiburg angek\u00fcndigte allj\u00e4hrliche <a href=\"http:\/\/www.antifaschistische-linke.de\/?p=2316\">Adventskonzert des Luftwaffenmusikkorps II<\/a>. An den Pfarrer der Gemeinde wurde zuvor ein <a href=\"https:\/\/linksunten.indymedia.org\/de\/node\/100241\">Offener Brief<\/a> geschrieben, der diesen auffordert das Konzert abzusagen. Ebenso war auch bereits ein <a href=\"http:\/\/www.antifaschistische-linke.de\/?p=2316\">Aufruf zu Protesten<\/a> online gegangen. Treffpunkt: Dienstag, 10.12. | 18 Uhr | KuCa.<\/p>\n","protected":false},"excerpt":{"rendered":"<p>Montag, 02.12.2013 Freiburg. Zwei Aktivisten des Arbeitskreis gegen Krieg und Militarisierung (AKM) Freiburg haben bei Radio Dreyeckland ein Interview gegeben. Es geht um die Proteste gegen das f\u00fcr den 10.Dezember in Freiburg angek\u00fcndigte allj\u00e4hrliche Adventskonzert des Luftwaffenmusikkorps II. An den Pfarrer der Gemeinde wurde zuvor ein Offener Brief geschrieben, der diesen auffordert das Konzert abzusagen. [&hellip;]<\/p>\n","protected":false},"author":1,"featured_media":0,"comment_status":"closed","ping_status":"closed","sticky":false,"template":"","format":"standard","meta":[],"categories":[5,3],"tags":[69,127,880,298,52,33,51,95,205],"_links":{"self":[{"href":"https:\/\/www.antifaschistische-linke.de\/index.php?rest_route=\/wp\/v2\/posts\/2364"}],"collection":[{"href":"https:\/\/www.antifaschistische-linke.de\/index.php?rest_route=\/wp\/v2\/posts"}],"about":[{"href":"https:\/\/www.antifaschistische-linke.de\/index.php?rest_route=\/wp\/v2\/types\/post"}],"author":[{"embeddable":true,"href":"https:\/\/www.antifaschistische-linke.de\/index.php?rest_route=\/wp\/v2\/users\/1"}],"replies":[{"embeddable":true,"href":"https:\/\/www.antifaschistische-linke.de\/index.php?rest_route=%2Fwp%2Fv2%2Fcomments&post=2364"}],"version-history":[{"count":0,"href":"https:\/\/www.antifaschistische-linke.de\/index.php?rest_route=\/wp\/v2\/posts\/2364\/revisions"}],"wp:attachment":[{"href":"https:\/\/www.antifaschistische-linke.de\/index.php?rest_route=%2Fwp%2Fv2%2Fmedia&parent=2364"}],"wp:term":[{"taxonomy":"category","embeddable":true,"href":"https:\/\/www.antifaschistische-linke.de\/index.php?rest_route=%2Fwp%2Fv2%2Fcategories&post=2364"},{"taxonomy":"post_tag","embeddable":true,"href":"https:\/\/www.antifaschistische-linke.de\/index.php?rest_route=%2Fwp%2Fv2%2Ftags&post=2364"}],"curies":[{"name":"wp","href":"https:\/\/api.w.org\/{rel}","templated":true}]}}