{"id":2379,"date":"2013-12-07T12:00:55","date_gmt":"2013-12-07T11:00:55","guid":{"rendered":"http:\/\/www.antifaschistische-linke.de\/?p=2379"},"modified":"2013-12-06T12:30:07","modified_gmt":"2013-12-06T11:30:07","slug":"aktion-bei-primark","status":"publish","type":"post","link":"https:\/\/www.antifaschistische-linke.de\/?p=2379","title":{"rendered":"Aktion bei Primark in Karlsruhe"},"content":{"rendered":"<p><img decoding=\"async\" alt=\"stern\" src=\"http:\/\/www.antifaschistische-linke.de\/Bilder\/roterstern.png\" align=\"left\" \/><em><em>Samstag, 07.12.2013<\/em><br \/>\n<\/em><strong>Karlsruhe<\/strong><strong>.\u00a0<\/strong>Unter dem Motto \u201e\u00dcber Geschmack l\u00e4sst\u00a0 sich streiten, \u00fcber Ausbeutung nicht\u201c, hat die Blockupy \u2013AG Karlsruhe am Samstag, den 30.11.2013,\u00a0 vor Primark<a href=\"http:\/\/de.indymedia.org\/2013\/11\/350606.shtml\"> eine Protest- und \u00d6ffentlichkeitsaktion durchgef\u00fchrt<\/a>. \u201eProfit geht \u00fcber Leichen\u201c &#8211; wer bei Primark einkaufen wollte, musste u. A. an diesem Transparent vorbei und symbolisch \u00fcber die am Boden liegenden AktivistInnen steigen. Die Aktion vor Primark war gleichzeitig eine Solidarit\u00e4tsaktion mit den derzeit streikenden TextilarbeiterInnen in Bangladesch, die f\u00fcr h\u00f6here L\u00f6hne und menschenw\u00fcrdige Arbeitsbedingungen k\u00e4mpfen. F\u00fcr die Besch\u00e4ftigten bei Primark forderten die AktivistInnen endlich Tarifvertr\u00e4ge, existenzsichernde L\u00f6hne und bessere und gesundheisvertr\u00e4gliche Arbeitsbedingungen.<\/p>\n","protected":false},"excerpt":{"rendered":"<p>Samstag, 07.12.2013 Karlsruhe.\u00a0Unter dem Motto \u201e\u00dcber Geschmack l\u00e4sst\u00a0 sich streiten, \u00fcber Ausbeutung nicht\u201c, hat die Blockupy \u2013AG Karlsruhe am Samstag, den 30.11.2013,\u00a0 vor Primark eine Protest- und \u00d6ffentlichkeitsaktion durchgef\u00fchrt. \u201eProfit geht \u00fcber Leichen\u201c &#8211; wer bei Primark einkaufen wollte, musste u. A. an diesem Transparent vorbei und symbolisch \u00fcber die am Boden liegenden AktivistInnen steigen. [&hellip;]<\/p>\n","protected":false},"author":1,"featured_media":0,"comment_status":"closed","ping_status":"closed","sticky":false,"template":"","format":"standard","meta":[],"categories":[3,6,4],"tags":[351,83,349,338,881,78,350,352],"_links":{"self":[{"href":"https:\/\/www.antifaschistische-linke.de\/index.php?rest_route=\/wp\/v2\/posts\/2379"}],"collection":[{"href":"https:\/\/www.antifaschistische-linke.de\/index.php?rest_route=\/wp\/v2\/posts"}],"about":[{"href":"https:\/\/www.antifaschistische-linke.de\/index.php?rest_route=\/wp\/v2\/types\/post"}],"author":[{"embeddable":true,"href":"https:\/\/www.antifaschistische-linke.de\/index.php?rest_route=\/wp\/v2\/users\/1"}],"replies":[{"embeddable":true,"href":"https:\/\/www.antifaschistische-linke.de\/index.php?rest_route=%2Fwp%2Fv2%2Fcomments&post=2379"}],"version-history":[{"count":0,"href":"https:\/\/www.antifaschistische-linke.de\/index.php?rest_route=\/wp\/v2\/posts\/2379\/revisions"}],"wp:attachment":[{"href":"https:\/\/www.antifaschistische-linke.de\/index.php?rest_route=%2Fwp%2Fv2%2Fmedia&parent=2379"}],"wp:term":[{"taxonomy":"category","embeddable":true,"href":"https:\/\/www.antifaschistische-linke.de\/index.php?rest_route=%2Fwp%2Fv2%2Fcategories&post=2379"},{"taxonomy":"post_tag","embeddable":true,"href":"https:\/\/www.antifaschistische-linke.de\/index.php?rest_route=%2Fwp%2Fv2%2Ftags&post=2379"}],"curies":[{"name":"wp","href":"https:\/\/api.w.org\/{rel}","templated":true}]}}