{"id":2389,"date":"2013-12-08T12:05:02","date_gmt":"2013-12-08T11:05:02","guid":{"rendered":"http:\/\/www.antifaschistische-linke.de\/?p=2389"},"modified":"2013-12-08T12:11:43","modified_gmt":"2013-12-08T11:11:43","slug":"nazi-zentren-entgegentreten-roessle-dichtmachen-spontanaktion-in-rheinmuenster-soellingen","status":"publish","type":"post","link":"https:\/\/www.antifaschistische-linke.de\/?p=2389","title":{"rendered":"\u201eR\u00f6ssle\u201c dichtmachen! Spontanaktion in Rheinm\u00fcnster-S\u00f6llingen"},"content":{"rendered":"<p><img decoding=\"async\" alt=\"antifaklein\" src=\"http:\/\/www.antifaschistische-linke.de\/Bilder\/afalogoklein.png\" align=\"left\" \/><em>Sonntag, 08.12.2013.<\/em><br \/>\n<strong>Rheinm\u00fcnster-S\u00f6llingen. <\/strong>Am gestrigen Samstag haben zwischen 50 und 70 Antifaschistinnen und Antifaschisten in S\u00f6llingen klar gemacht, dass sie es nicht hinnehmen werden, dass dort im <a href=\"http:\/\/schachmatt.blogsport.de\">&#8222;R\u00f6ssle&#8220;<\/a> \u00fcberregionale Nazi-Konzerte stattfinden und das Haus wieder als Zentrum der faschistischen Bewegung in der Region dient. <a href=\"https:\/\/linksunten.indymedia.org\/de\/node\/101013\">Es gab eine Sponti, eine kurze Rede und offenbar auch mehrere Farbbeutel und kaputte Fenstern.<\/a> Die Aktion sollte zeigen, dass es nicht hingenommen werden wird, dass <a href=\"http:\/\/schachmatt.blogsport.de\/broschuere\/\">G\u00fcnther Sick<\/a> mit den Faschisten einen dauerhaften Mietvertrag abschlie\u00dfen will. Die Faschisten werden von <a href=\"https:\/\/linksunten.indymedia.org\/en\/node\/83875\">der in Muggensturm <\/a>wohnenden <a href=\"https:\/\/linksunten.indymedia.org\/en\/node\/88004\">Nazi-Anw\u00e4ltin Nicole Schneiders<\/a> unterst\u00fctzt. Damit w\u00fcrde das Nazizentrum, <a href=\"http:\/\/www.antifaschistische-linke.de\/?p=1830\">nach dem Hammerskins-Konzert im Juni<\/a>, dem <a href=\"http:\/\/www.antifaschistische-linke.de\/?p=2080\">Konzert Anfang Oktober zum 20-J\u00e4hrigen Bestehen der Kameradschaft Karlsruhe, <\/a>dem Konzert Ende Oktober, <a href=\"https:\/\/linksunten.indymedia.org\/de\/node\/98997\">dem Konzert <\/a>am <a href=\"http:\/\/www.antifaschistische-linke.de\/?p=2273 \">9.November<\/a> und dem <a href=\"http:\/\/www.antifaschistische-linke.de\/?p=2314\">Konzert am 16.11<\/a>, das von Dortmund in den Landkreis Rastatt verlegt worden war, somit endg\u00fcltig reaktiviert werden. Das Nazizentrum war schon \u00f6fters angegriffen worden, zuletzt <a href=\"http:\/\/www.antifaschistische-linke.de\/?p=2168\">im Oktober diesen Jahres<\/a>. Nazis keine Basis bieten! Es gibt kein ruhiges Hinterland!<\/p>\n","protected":false},"excerpt":{"rendered":"<p>Sonntag, 08.12.2013. Rheinm\u00fcnster-S\u00f6llingen. Am gestrigen Samstag haben zwischen 50 und 70 Antifaschistinnen und Antifaschisten in S\u00f6llingen klar gemacht, dass sie es nicht hinnehmen werden, dass dort im &#8222;R\u00f6ssle&#8220; \u00fcberregionale Nazi-Konzerte stattfinden und das Haus wieder als Zentrum der faschistischen Bewegung in der Region dient. Es gab eine Sponti, eine kurze Rede und offenbar auch mehrere [&hellip;]<\/p>\n","protected":false},"author":1,"featured_media":0,"comment_status":"closed","ping_status":"closed","sticky":false,"template":"","format":"standard","meta":[],"categories":[1,3],"tags":[879,327,60,236,141],"_links":{"self":[{"href":"https:\/\/www.antifaschistische-linke.de\/index.php?rest_route=\/wp\/v2\/posts\/2389"}],"collection":[{"href":"https:\/\/www.antifaschistische-linke.de\/index.php?rest_route=\/wp\/v2\/posts"}],"about":[{"href":"https:\/\/www.antifaschistische-linke.de\/index.php?rest_route=\/wp\/v2\/types\/post"}],"author":[{"embeddable":true,"href":"https:\/\/www.antifaschistische-linke.de\/index.php?rest_route=\/wp\/v2\/users\/1"}],"replies":[{"embeddable":true,"href":"https:\/\/www.antifaschistische-linke.de\/index.php?rest_route=%2Fwp%2Fv2%2Fcomments&post=2389"}],"version-history":[{"count":0,"href":"https:\/\/www.antifaschistische-linke.de\/index.php?rest_route=\/wp\/v2\/posts\/2389\/revisions"}],"wp:attachment":[{"href":"https:\/\/www.antifaschistische-linke.de\/index.php?rest_route=%2Fwp%2Fv2%2Fmedia&parent=2389"}],"wp:term":[{"taxonomy":"category","embeddable":true,"href":"https:\/\/www.antifaschistische-linke.de\/index.php?rest_route=%2Fwp%2Fv2%2Fcategories&post=2389"},{"taxonomy":"post_tag","embeddable":true,"href":"https:\/\/www.antifaschistische-linke.de\/index.php?rest_route=%2Fwp%2Fv2%2Ftags&post=2389"}],"curies":[{"name":"wp","href":"https:\/\/api.w.org\/{rel}","templated":true}]}}