{"id":2392,"date":"2013-12-09T22:18:11","date_gmt":"2013-12-09T21:18:11","guid":{"rendered":"http:\/\/www.antifaschistische-linke.de\/?p=2392"},"modified":"2013-12-09T22:18:31","modified_gmt":"2013-12-09T21:18:31","slug":"interview-zu-den-protesten-gegen-das-bundeswehr-konzert-morgen","status":"publish","type":"post","link":"https:\/\/www.antifaschistische-linke.de\/?p=2392","title":{"rendered":"Interview zu den Protesten gegen das Bundeswehr-Konzert morgen"},"content":{"rendered":"<p><img decoding=\"async\" alt=\"\" src=\"http:\/\/www.antifaschistische-linke.de\/Bilder\/kbh.png\" align=\"left\" \/><em>Montag, 09.12.2013<\/em><br \/>\n<strong>Freiburg. <\/strong> <a href=\"http:\/\/rdl.de\">Radio Dreyeckland<\/a> hat <a href=\"http:\/\/rdl.de\/index.php?option=com_content&amp;view=article&amp;id=22997:Stille_Nacht_militaerische_Nacht_BW_Konzert_in_Littenweiler&amp;catid=26:punkt12&amp;Itemid=201\">ein Interview<\/a> mit zwei Aktivisten des <a href=\"http:\/\/akm-freiburg.tk\">Arbeitskreis gegen Krieg und Militarisierung (AKM) Freiburg<\/a> zu den Protesten gegen das <a href=\"http:\/\/www.antifaschistische-linke.de\/?p=2316\">Bundeswehrkonzert<\/a> morgen in Freiburg-Littenweiler gef\u00fchrt. Treffpunkt zu Protesten morgen um 18 Uhr beim KuCa (H\u00f6llentalstra\u00dfe 2). Krieg beginnt hier!<\/p>\n","protected":false},"excerpt":{"rendered":"<p>Montag, 09.12.2013 Freiburg. Radio Dreyeckland hat ein Interview mit zwei Aktivisten des Arbeitskreis gegen Krieg und Militarisierung (AKM) Freiburg zu den Protesten gegen das Bundeswehrkonzert morgen in Freiburg-Littenweiler gef\u00fchrt. Treffpunkt zu Protesten morgen um 18 Uhr beim KuCa (H\u00f6llentalstra\u00dfe 2). Krieg beginnt hier!<\/p>\n","protected":false},"author":1,"featured_media":0,"comment_status":"closed","ping_status":"closed","sticky":false,"template":"","format":"standard","meta":[],"categories":[5,3],"tags":[69,880,298,52,95,331],"_links":{"self":[{"href":"https:\/\/www.antifaschistische-linke.de\/index.php?rest_route=\/wp\/v2\/posts\/2392"}],"collection":[{"href":"https:\/\/www.antifaschistische-linke.de\/index.php?rest_route=\/wp\/v2\/posts"}],"about":[{"href":"https:\/\/www.antifaschistische-linke.de\/index.php?rest_route=\/wp\/v2\/types\/post"}],"author":[{"embeddable":true,"href":"https:\/\/www.antifaschistische-linke.de\/index.php?rest_route=\/wp\/v2\/users\/1"}],"replies":[{"embeddable":true,"href":"https:\/\/www.antifaschistische-linke.de\/index.php?rest_route=%2Fwp%2Fv2%2Fcomments&post=2392"}],"version-history":[{"count":0,"href":"https:\/\/www.antifaschistische-linke.de\/index.php?rest_route=\/wp\/v2\/posts\/2392\/revisions"}],"wp:attachment":[{"href":"https:\/\/www.antifaschistische-linke.de\/index.php?rest_route=%2Fwp%2Fv2%2Fmedia&parent=2392"}],"wp:term":[{"taxonomy":"category","embeddable":true,"href":"https:\/\/www.antifaschistische-linke.de\/index.php?rest_route=%2Fwp%2Fv2%2Fcategories&post=2392"},{"taxonomy":"post_tag","embeddable":true,"href":"https:\/\/www.antifaschistische-linke.de\/index.php?rest_route=%2Fwp%2Fv2%2Ftags&post=2392"}],"curies":[{"name":"wp","href":"https:\/\/api.w.org\/{rel}","templated":true}]}}