{"id":2409,"date":"2013-12-18T19:34:15","date_gmt":"2013-12-18T18:34:15","guid":{"rendered":"http:\/\/www.antifaschistische-linke.de\/?p=2409"},"modified":"2013-12-18T19:34:15","modified_gmt":"2013-12-18T18:34:15","slug":"cops-eskalieren-protest-gegen-juergen-elsaesser-in-karlsruhe","status":"publish","type":"post","link":"https:\/\/www.antifaschistische-linke.de\/?p=2409","title":{"rendered":"Cops eskalieren Protest gegen J\u00fcrgen Els\u00e4sser in Karlsruhe"},"content":{"rendered":"<p><img decoding=\"async\" alt=\"antifaklein\" src=\"http:\/\/www.antifaschistische-linke.de\/Bilder\/afalogoklein.png\" align=\"left\" \/><em>Mittwoch, 18.12.2013.<\/em><br \/>\n<strong>Karlsruhe. <\/strong> In der Karlsruher S\u00fcdstadt <a href=\"https:\/\/linksunten.indymedia.org\/de\/node\/101640\">sollte am fr\u00fchen Abend des 16.Dezember ein Vortrag des Rechtspopulisten und Verschw\u00f6rungstheoretiker J\u00fcrgen Els\u00e4sser<\/a> stattfinden. Eine Gruppe von AntifaschistInnen, denen die Veranstaltung kurzfristig bekannt wurde, versuchte an der Veranstaltung teilzunehmen und wurde zun\u00e4chst von den anwesenden Securities bedr\u00e4ngt. Kurz darauf st\u00fcrmten Cops in die Gruppe der AktivistInnen und begannen auf die Personen einzuschlagen und mehrere Leute festzunehmen. Die Anwesenden wurden aggressiv vom Eingang des Nebenraumes abgedr\u00e4ngt und mit Platzverweisen belegt, die Festgenommenen wurden auf der Wache erkennungsdienstlich behandelt. Ihnen wird K\u00f6rperverletzung und Widerstand gegen Vollstreckungsbeamte vorgeworfen. Unsere Solidarit\u00e4t gegen ihre Repression!<\/p>\n","protected":false},"excerpt":{"rendered":"<p>Mittwoch, 18.12.2013. Karlsruhe. In der Karlsruher S\u00fcdstadt sollte am fr\u00fchen Abend des 16.Dezember ein Vortrag des Rechtspopulisten und Verschw\u00f6rungstheoretiker J\u00fcrgen Els\u00e4sser stattfinden. Eine Gruppe von AntifaschistInnen, denen die Veranstaltung kurzfristig bekannt wurde, versuchte an der Veranstaltung teilzunehmen und wurde zun\u00e4chst von den anwesenden Securities bedr\u00e4ngt. Kurz darauf st\u00fcrmten Cops in die Gruppe der AktivistInnen und [&hellip;]<\/p>\n","protected":false},"author":1,"featured_media":0,"comment_status":"closed","ping_status":"closed","sticky":false,"template":"","format":"standard","meta":[],"categories":[1,3],"tags":[879,362,78,84,363],"_links":{"self":[{"href":"https:\/\/www.antifaschistische-linke.de\/index.php?rest_route=\/wp\/v2\/posts\/2409"}],"collection":[{"href":"https:\/\/www.antifaschistische-linke.de\/index.php?rest_route=\/wp\/v2\/posts"}],"about":[{"href":"https:\/\/www.antifaschistische-linke.de\/index.php?rest_route=\/wp\/v2\/types\/post"}],"author":[{"embeddable":true,"href":"https:\/\/www.antifaschistische-linke.de\/index.php?rest_route=\/wp\/v2\/users\/1"}],"replies":[{"embeddable":true,"href":"https:\/\/www.antifaschistische-linke.de\/index.php?rest_route=%2Fwp%2Fv2%2Fcomments&post=2409"}],"version-history":[{"count":0,"href":"https:\/\/www.antifaschistische-linke.de\/index.php?rest_route=\/wp\/v2\/posts\/2409\/revisions"}],"wp:attachment":[{"href":"https:\/\/www.antifaschistische-linke.de\/index.php?rest_route=%2Fwp%2Fv2%2Fmedia&parent=2409"}],"wp:term":[{"taxonomy":"category","embeddable":true,"href":"https:\/\/www.antifaschistische-linke.de\/index.php?rest_route=%2Fwp%2Fv2%2Fcategories&post=2409"},{"taxonomy":"post_tag","embeddable":true,"href":"https:\/\/www.antifaschistische-linke.de\/index.php?rest_route=%2Fwp%2Fv2%2Ftags&post=2409"}],"curies":[{"name":"wp","href":"https:\/\/api.w.org\/{rel}","templated":true}]}}