{"id":2462,"date":"2014-01-04T06:28:25","date_gmt":"2014-01-04T05:28:25","guid":{"rendered":"http:\/\/www.antifaschistische-linke.de\/?p=2462"},"modified":"2014-01-08T13:21:31","modified_gmt":"2014-01-08T12:21:31","slug":"wir-gedenken-georg-elser-2","status":"publish","type":"post","link":"https:\/\/www.antifaschistische-linke.de\/?p=2462","title":{"rendered":"Wir gedenken Georg Elser"},"content":{"rendered":"<p><img decoding=\"async\" alt=\"Georg Elser von Faschisten ermordet!\" src=\"http:\/\/www.antifaschistische-linke.de\/Bilder\/georgelser.jpg\" align=\"left\" \/><em>Samstag, 04.01.2014<\/em><br \/>\n<strong>International.<\/strong> <em>&#8222;Ich wollte ja auch durch meine Tat ein noch gr\u00f6\u00dferes Blutvergie\u00dfen verhindern.&#8220;<\/em><br \/>\n<strong>-Johann Georg Elser-<\/strong><br \/>\nAm 8. November 1939 ver\u00fcbte der am 4.Januar 1903 bei Heidenheim geborene Antifaschist und Widerstandsk\u00e4mpfer Georg Elser ein Bombenattentat auf Adolf Hitler und weitere Mitglieder der NS-F\u00fchrung im M\u00fcnchner B\u00fcrgerbr\u00e4ukeller. Nur durch Zufall \u00fcberlebten sie. Elser wurde kurz vor Ende des 2. Weltkrieges am 9. April 1945 im Alter von 42 Jahren im Konzentrationslager Dachau von den Faschisten umgebracht. Er war u.a. Mitglied im kommunistischen Roten Frontk\u00e4mpferbund in Konstanz. Wir wollen unserem Genossen Georg Elser gedenken. <a href=\"http:\/\/www.georg-elser-arbeitskreis.de\/\">Mehr Informationen<\/a><\/p>\n","protected":false},"excerpt":{"rendered":"<p>Samstag, 04.01.2014 International. &#8222;Ich wollte ja auch durch meine Tat ein noch gr\u00f6\u00dferes Blutvergie\u00dfen verhindern.&#8220; -Johann Georg Elser- Am 8. November 1939 ver\u00fcbte der am 4.Januar 1903 bei Heidenheim geborene Antifaschist und Widerstandsk\u00e4mpfer Georg Elser ein Bombenattentat auf Adolf Hitler und weitere Mitglieder der NS-F\u00fchrung im M\u00fcnchner B\u00fcrgerbr\u00e4ukeller. Nur durch Zufall \u00fcberlebten sie. Elser wurde [&hellip;]<\/p>\n","protected":false},"author":1,"featured_media":0,"comment_status":"closed","ping_status":"closed","sticky":false,"template":"","format":"standard","meta":[],"categories":[1,3],"tags":[879,402,401,403,209],"_links":{"self":[{"href":"https:\/\/www.antifaschistische-linke.de\/index.php?rest_route=\/wp\/v2\/posts\/2462"}],"collection":[{"href":"https:\/\/www.antifaschistische-linke.de\/index.php?rest_route=\/wp\/v2\/posts"}],"about":[{"href":"https:\/\/www.antifaschistische-linke.de\/index.php?rest_route=\/wp\/v2\/types\/post"}],"author":[{"embeddable":true,"href":"https:\/\/www.antifaschistische-linke.de\/index.php?rest_route=\/wp\/v2\/users\/1"}],"replies":[{"embeddable":true,"href":"https:\/\/www.antifaschistische-linke.de\/index.php?rest_route=%2Fwp%2Fv2%2Fcomments&post=2462"}],"version-history":[{"count":0,"href":"https:\/\/www.antifaschistische-linke.de\/index.php?rest_route=\/wp\/v2\/posts\/2462\/revisions"}],"wp:attachment":[{"href":"https:\/\/www.antifaschistische-linke.de\/index.php?rest_route=%2Fwp%2Fv2%2Fmedia&parent=2462"}],"wp:term":[{"taxonomy":"category","embeddable":true,"href":"https:\/\/www.antifaschistische-linke.de\/index.php?rest_route=%2Fwp%2Fv2%2Fcategories&post=2462"},{"taxonomy":"post_tag","embeddable":true,"href":"https:\/\/www.antifaschistische-linke.de\/index.php?rest_route=%2Fwp%2Fv2%2Ftags&post=2462"}],"curies":[{"name":"wp","href":"https:\/\/api.w.org\/{rel}","templated":true}]}}