{"id":2466,"date":"2014-01-31T06:06:56","date_gmt":"2014-01-31T05:06:56","guid":{"rendered":"http:\/\/www.antifaschistische-linke.de\/?p=2466"},"modified":"2014-01-02T13:23:24","modified_gmt":"2014-01-02T12:23:24","slug":"proteste-gegen-50-sicherheitskonferenz-in-muenchen","status":"publish","type":"post","link":"https:\/\/www.antifaschistische-linke.de\/?p=2466","title":{"rendered":"Proteste gegen 50. &#8222;Sicherheitskonferenz&#8220; in M\u00fcnchen"},"content":{"rendered":"<p><img decoding=\"async\" alt=\"rot\" src=\"http:\/\/www.antifaschistische-linke.de\/Bilder\/roterstern.png\" align=\"left\" \/><em>Dienstag, 31.01.2014<\/em><br \/>\n<strong>M\u00fcnchen. <\/strong> Am Wochenende findet die mittlerweile 50. Ausgabe der sogenannten &#8222;Sicherheitskonferenz&#8220; in M\u00fcnchen statt. Auch dieses Jahr kommen Regierungschefs, Milit\u00e4rstrategen, sowie hochrangige Wirtschafts- und R\u00fcstungsvertreter im Hotel Bayrischer Hof zusammen, um \u00fcber sogenannte sicherheitspolitische Themen zu diskutieren. Auch dieses Jahr gibt es eine <a href=\"http:\/\/sicherheitskonferenz.de\/\">zentrale Gegendemonstration<\/a>. Los geht&#8217;s\u00a0um 13 Uhr auf dem Marienplatz. Die <a href=\"http:\/\/almuc.blogsport.eu\/\">Antikapitalistische Linke M\u00fcnchen<\/a> hat , ebenso wie das <a href=\"http:\/\/antimilmuc.blogsport.de\/siko-proteste\/\">Taksim-B\u00fcndnis M\u00fcnchen<\/a>, einen <a href=\"http:\/\/almuc.blogsport.eu\/2013\/11\/30\/antikapitalistischer-aufruf-zu-den-protesten-gegen-die-siko-2014\/\">Aufruf zur Demo<\/a> geschrieben.<\/p>\n","protected":false},"excerpt":{"rendered":"<p>Dienstag, 31.01.2014 M\u00fcnchen. Am Wochenende findet die mittlerweile 50. Ausgabe der sogenannten &#8222;Sicherheitskonferenz&#8220; in M\u00fcnchen statt. Auch dieses Jahr kommen Regierungschefs, Milit\u00e4rstrategen, sowie hochrangige Wirtschafts- und R\u00fcstungsvertreter im Hotel Bayrischer Hof zusammen, um \u00fcber sogenannte sicherheitspolitische Themen zu diskutieren. Auch dieses Jahr gibt es eine zentrale Gegendemonstration. Los geht&#8217;s\u00a0um 13 Uhr auf dem Marienplatz. Die [&hellip;]<\/p>\n","protected":false},"author":1,"featured_media":0,"comment_status":"closed","ping_status":"closed","sticky":false,"template":"","format":"standard","meta":[],"categories":[5,3,6,4],"tags":[407,406,155,405],"_links":{"self":[{"href":"https:\/\/www.antifaschistische-linke.de\/index.php?rest_route=\/wp\/v2\/posts\/2466"}],"collection":[{"href":"https:\/\/www.antifaschistische-linke.de\/index.php?rest_route=\/wp\/v2\/posts"}],"about":[{"href":"https:\/\/www.antifaschistische-linke.de\/index.php?rest_route=\/wp\/v2\/types\/post"}],"author":[{"embeddable":true,"href":"https:\/\/www.antifaschistische-linke.de\/index.php?rest_route=\/wp\/v2\/users\/1"}],"replies":[{"embeddable":true,"href":"https:\/\/www.antifaschistische-linke.de\/index.php?rest_route=%2Fwp%2Fv2%2Fcomments&post=2466"}],"version-history":[{"count":0,"href":"https:\/\/www.antifaschistische-linke.de\/index.php?rest_route=\/wp\/v2\/posts\/2466\/revisions"}],"wp:attachment":[{"href":"https:\/\/www.antifaschistische-linke.de\/index.php?rest_route=%2Fwp%2Fv2%2Fmedia&parent=2466"}],"wp:term":[{"taxonomy":"category","embeddable":true,"href":"https:\/\/www.antifaschistische-linke.de\/index.php?rest_route=%2Fwp%2Fv2%2Fcategories&post=2466"},{"taxonomy":"post_tag","embeddable":true,"href":"https:\/\/www.antifaschistische-linke.de\/index.php?rest_route=%2Fwp%2Fv2%2Ftags&post=2466"}],"curies":[{"name":"wp","href":"https:\/\/api.w.org\/{rel}","templated":true}]}}