{"id":2578,"date":"2014-01-13T21:08:03","date_gmt":"2014-01-13T20:08:03","guid":{"rendered":"http:\/\/www.antifaschistische-linke.de\/?p=2578"},"modified":"2014-01-22T16:24:44","modified_gmt":"2014-01-22T15:24:44","slug":"veranstaltungen-mit-bernd-langer","status":"publish","type":"post","link":"https:\/\/www.antifaschistische-linke.de\/?p=2578","title":{"rendered":"Veranstaltungen mit Bernd Langer"},"content":{"rendered":"<p><em>Am 30. und 31. Januar 2014 finden in Freiburg zwei Veranstaltungen mit <a href=\"http:\/\/www.kunst-und-kampf.de\/Aktuell.html\">Bernd Langer<\/a> statt. Die erste Veranstaltung am 30. Januar an der Universit\u00e4t Freiburg widmet sich dem Thema \u201eEin schma\u00adler Grat\u201c \u2013 Wider\u00adstand im KZ-Buchenwald. Das Thema der zweiten Veranstaltung am 31. Januar im <a href=\"http:\/\/liz-freiburg.org\">Linken Zentrum<\/a> lautet Offen\u00adsiv, auto\u00adnom, mili\u00adtant \u2013 wie die Antifa entstand!.<br \/>\n<\/em><\/p>\n<p><strong>\u201eEin schma\u00adler Grat\u201c \u2013 Wider\u00adstand im KZ-Buchenwald<\/strong><\/p>\n<p>30.01.2014 | 20 Uhr | Uni Freiburg | Raum: 1016 | <a href=\"http:\/\/www.antifaschistische-linke.de\/?p=2578#1\">LINK<\/a><\/p>\n<p><strong>Offen\u00adsiv, auto\u00adnom, mili\u00adtant \u2013 wie die Antifa entstand!<\/strong><\/p>\n<p>31.01.2014 | 20 Uhr | Linkes Zentrum \u00a1adelante! | <a href=\"http:\/\/www.antifaschistische-linke.de\/?p=2578#2\">LINK<\/a><br \/>\n<a name=\"1\"><\/a><br \/>\n<strong>\u201eEin schma\u00adler Grat\u201c \u2013 Wider\u00adstand im KZ-Buchenwald<\/strong><\/p>\n<p><img decoding=\"async\" loading=\"lazy\" class=\"alignleft  wp-image-2586\" style=\"margin: 3px 5px;\" alt=\"langer1front\" src=\"http:\/\/www.antifaschistische-linke.de\/wp-content\/uploads\/langer1front.jpg\" width=\"250\" height=\"350\" \/>\u201eHaben wir alles richtig gemacht?\u201c ist der Titel eines Interviews mit Paul Gr\u00fcnewald, der mit Karl Peix und Walter Kr\u00e4mer \u2013 beide wurden 1941 ermordet \u2013 eine Widerstandsgruppe im Krankenrevier des KZ Buchenwald bildete. Insbesondere Kr\u00e4mer war in der DDR als \u201eArzt von Buchenwald\u201c popul\u00e4r, im Roman \u201eNackt unter W\u00f6lfen\u201c setzte ihm Bruno Apitz ein literarisches Denkmal.<\/p>\n<p>Doch die einfache Schwarz-Wei\u00df-Beschreibung von antifaschistischen Helden unterschl\u00e4gt die komplizierten Verh\u00e4ltnisse in den Konzentrationslagern. W\u00e4hrend nach Kr\u00e4mer Schulen, Stra\u00dfen usw. benannt wurden, fand Karl Peix sp\u00e4ter kaum noch Erw\u00e4hnung. Dabei war er zun\u00e4chst von zentraler Bedeutung f\u00fcr den Widerstand in Buchenwald, verstrickte sich aber zunehmend in Machenschaften mit der SS, Vorw\u00fcrfe gehen bis hin zu Mord.<\/p>\n<p>Im Gespr\u00e4ch berichtet Gr\u00fcnewald mit seltener Offenheit \u00fcber das Dilemma von notwendiger Zusammenarbeit mit SS-Schergen, Korruption, Geldbeschaffung und politischem Selbstverst\u00e4ndnis.<\/p>\n<p>Bei der Durchf\u00fchrung dieser Veranstaltung werden wir von der <a href=\"http:\/\/www.rlf-bw.de\/\">Rosa-Luxemburg-Stiftung<\/a> und der <a href=\"http:\/\/freiburg.vvn-bda.de\/\">VVN-BdA Freiburg<\/a> unterst\u00fctzt.<br \/>\n<a name=\"2\"><\/a><br \/>\n<strong>Offen\u00adsiv, auto\u00adnom, mili\u00adtant \u2013 wie die Antifa entstand!<\/strong><\/p>\n<p><img decoding=\"async\" loading=\"lazy\" class=\"alignleft  wp-image-2582\" style=\"margin: 3px 5px;\" alt=\"langer2front\" src=\"http:\/\/www.antifaschistische-linke.de\/wp-content\/uploads\/langer2front.jpg\" width=\"250\" height=\"350\" \/>\u201eSchwerste Krawalle in Frankfurt\u201c titelten die Medien nach dem 17. Juni 1978. Militante hatte aus einer Antifa-Demonstration heraus Polizeiabsperrungen vor dem Rathaus angegriffen, um das NPD-\u201eDeutschlandtreffen\u201c zu verhindern. 1979 und 1980 folgten die \u201eRock gegen Rechts\u201c-Konzerte mit mehr als 40 000 Menschen. Die NPD gab ihr Treffen danach auf.<\/p>\n<p>In der BRD entstand zu dieser Zeit eine neue antifaschistische Bewegung. Eine f\u00fchrende Rolle spielten bald Autonome, von denen einige versuchten, den Widerstand zu koordinieren. Sie propagierten einen Antifaschismus, den sie als Kampf gegen das \u201eimperialistische System\u201c verstanden.<\/p>\n<p>Legend\u00e4re Stra\u00dfenschlachten wie am 1.10.1983 in Fallingbostel oder die Unruhen nach dem Tod von G\u00fcnter Sare am 28.9.1985 in Frankfurt am Main, Kommando-Militanz und B\u00fcndnisaktionen geh\u00f6rten zu den Konzepten, die schlie\u00dflich in der heutigen Antifa- Bewegung m\u00fcndeten.<\/p>\n<p>Eine detaillierte Beschreibung dieser Entwicklung und eine Analyse der Ans\u00e4tze von damals bis heute.<\/p>\n<p>Bei der Durchf\u00fchrung dieser Veranstaltung werden wir von der <a href=\"http:\/\/www.rlf-bw.de\/\">Rosa-Luxemburg-Stiftung<\/a> unterst\u00fctzt.<\/p>\n<p>&nbsp;<\/p>\n<p><strong>weitere Termine:<\/strong><\/p>\n<p>29.01.2014 | 20 Uhr | Cafe Irrlicht | Bahnhofstra\u00dfe 3, Schopfheim:<br \/>\n\u201eEin schma\u00adler Grat\u201c \u2013 Wider\u00adstand im KZ-Buchenwald<\/p>\n<p>01.02.2014 | 20 Uhr | <a href=\"http:\/\/alarm.blogsport.de\/2014\/01\/14\/ein-schmaler-grat-widerstand-im-kz-buchenwald\/\">Alarm Raum<\/a> | Li\u00adse-Meit\u00adner-Stra\u00ad\u00dfe 10, Offenburg:<br \/>\n\u201eEin schma\u00adler Grat\u201c \u2013 Wider\u00adstand im KZ-Buchenwald<\/p>\n<p>03.02.2014 | tba | tba | tba, Mannheim:<br \/>\n\u201eEin schma\u00adler Grat\u201c \u2013 Wider\u00adstand im KZ-Buchenwald<\/p>\n<p>05.02.2014 | 19:30 Uhr | <a href=\"http:\/\/alf.blogsport.de\/2014\/01\/20\/5-6-6-antifavortraege-in-fuerthnbg\/\">Infoladen Benario<\/a> | N\u00fcrnberger Str. 82, F\u00fcrth:<br \/>\n\u201eEin schma\u00adler Grat\u201c \u2013 Wider\u00adstand im KZ-Buchenwald<\/p>\n<p>06.02.2014 | 19:30 Uhr | <a href=\"http:\/\/alf.blogsport.de\/2014\/01\/20\/5-6-6-antifavortraege-in-fuerthnbg\/\">N\u00fcrnberg<\/a> (genauer Ort wird noch bekannt gegeben:<br \/>\nOffen\u00adsiv, auto\u00adnom, mili\u00adtant \u2013 wie die Antifa entstand!<\/p>\n","protected":false},"excerpt":{"rendered":"<p>Am 30. und 31. Januar 2014 finden in Freiburg zwei Veranstaltungen mit Bernd Langer statt. Die erste Veranstaltung am 30. Januar an der Universit\u00e4t Freiburg widmet sich dem Thema \u201eEin schma\u00adler Grat\u201c \u2013 Wider\u00adstand im KZ-Buchenwald. Das Thema der zweiten Veranstaltung am 31. Januar im Linken Zentrum lautet Offen\u00adsiv, auto\u00adnom, mili\u00adtant \u2013 wie die Antifa [&hellip;]<\/p>\n","protected":false},"author":1,"featured_media":0,"comment_status":"closed","ping_status":"closed","sticky":false,"template":"","format":"standard","meta":[],"categories":[1,7,9,11],"tags":[879,512,510,511,13,310,36,513,462,58],"_links":{"self":[{"href":"https:\/\/www.antifaschistische-linke.de\/index.php?rest_route=\/wp\/v2\/posts\/2578"}],"collection":[{"href":"https:\/\/www.antifaschistische-linke.de\/index.php?rest_route=\/wp\/v2\/posts"}],"about":[{"href":"https:\/\/www.antifaschistische-linke.de\/index.php?rest_route=\/wp\/v2\/types\/post"}],"author":[{"embeddable":true,"href":"https:\/\/www.antifaschistische-linke.de\/index.php?rest_route=\/wp\/v2\/users\/1"}],"replies":[{"embeddable":true,"href":"https:\/\/www.antifaschistische-linke.de\/index.php?rest_route=%2Fwp%2Fv2%2Fcomments&post=2578"}],"version-history":[{"count":0,"href":"https:\/\/www.antifaschistische-linke.de\/index.php?rest_route=\/wp\/v2\/posts\/2578\/revisions"}],"wp:attachment":[{"href":"https:\/\/www.antifaschistische-linke.de\/index.php?rest_route=%2Fwp%2Fv2%2Fmedia&parent=2578"}],"wp:term":[{"taxonomy":"category","embeddable":true,"href":"https:\/\/www.antifaschistische-linke.de\/index.php?rest_route=%2Fwp%2Fv2%2Fcategories&post=2578"},{"taxonomy":"post_tag","embeddable":true,"href":"https:\/\/www.antifaschistische-linke.de\/index.php?rest_route=%2Fwp%2Fv2%2Ftags&post=2578"}],"curies":[{"name":"wp","href":"https:\/\/api.w.org\/{rel}","templated":true}]}}