{"id":2608,"date":"2014-01-16T03:24:58","date_gmt":"2014-01-16T02:24:58","guid":{"rendered":"http:\/\/www.antifaschistische-linke.de\/?p=2608"},"modified":"2014-01-16T03:27:08","modified_gmt":"2014-01-16T02:27:08","slug":"plaedoyers-und-urteilsverkuendung-im-prozess-gegen-neonazi-florian-s","status":"publish","type":"post","link":"https:\/\/www.antifaschistische-linke.de\/?p=2608","title":{"rendered":"Pl\u00e4doyers und Urteilsverk\u00fcndung im Prozess gegen Neonazi Florian S."},"content":{"rendered":"<p><img decoding=\"async\" alt=\"Nie wieder Faschismus!\" src=\"http:\/\/www.antifaschistische-linke.de\/Bilder\/afalogoklein.png\" align=\"left\" \/><em>Donnerstag, 16.01.2014<\/em><br \/>\n<strong>Freiburg. <\/strong> In der <a href=\"http:\/\/www.antifaschistische-linke.de\/?p=2289\">Verhandlung gegen den Neonazi Florian S.<\/a> am Landgericht Freiburg werden am 29.01.2014 die Pl\u00e4doyers verlesen. Zwei Tage sp\u00e4ter am Freitag den 31.01.2014 wird das Urteil gegen Florian S. verk\u00fcndet. Der Neonazi Florian S. versuchte am <a href=\"http:\/\/www.antifaschistische-linke.de\/?p=744\">1. Oktober 2011 in Riegel<\/a> Antifaschistinnen und Antifaschisten mit seinem Auto zu ermorden. Kommt zum letzten Verhandlungstag am 29.01.2014 und zur Urteilsverk\u00fcndung am 31.01.2014! <\/p>\n","protected":false},"excerpt":{"rendered":"<p>Donnerstag, 16.01.2014 Freiburg. In der Verhandlung gegen den Neonazi Florian S. am Landgericht Freiburg werden am 29.01.2014 die Pl\u00e4doyers verlesen. Zwei Tage sp\u00e4ter am Freitag den 31.01.2014 wird das Urteil gegen Florian S. verk\u00fcndet. Der Neonazi Florian S. versuchte am 1. Oktober 2011 in Riegel Antifaschistinnen und Antifaschisten mit seinem Auto zu ermorden. Kommt zum [&hellip;]<\/p>\n","protected":false},"author":1,"featured_media":0,"comment_status":"closed","ping_status":"closed","sticky":false,"template":"","format":"standard","meta":[],"categories":[1,3,7],"tags":[879,522,13,324,521,524,48,322,523],"_links":{"self":[{"href":"https:\/\/www.antifaschistische-linke.de\/index.php?rest_route=\/wp\/v2\/posts\/2608"}],"collection":[{"href":"https:\/\/www.antifaschistische-linke.de\/index.php?rest_route=\/wp\/v2\/posts"}],"about":[{"href":"https:\/\/www.antifaschistische-linke.de\/index.php?rest_route=\/wp\/v2\/types\/post"}],"author":[{"embeddable":true,"href":"https:\/\/www.antifaschistische-linke.de\/index.php?rest_route=\/wp\/v2\/users\/1"}],"replies":[{"embeddable":true,"href":"https:\/\/www.antifaschistische-linke.de\/index.php?rest_route=%2Fwp%2Fv2%2Fcomments&post=2608"}],"version-history":[{"count":0,"href":"https:\/\/www.antifaschistische-linke.de\/index.php?rest_route=\/wp\/v2\/posts\/2608\/revisions"}],"wp:attachment":[{"href":"https:\/\/www.antifaschistische-linke.de\/index.php?rest_route=%2Fwp%2Fv2%2Fmedia&parent=2608"}],"wp:term":[{"taxonomy":"category","embeddable":true,"href":"https:\/\/www.antifaschistische-linke.de\/index.php?rest_route=%2Fwp%2Fv2%2Fcategories&post=2608"},{"taxonomy":"post_tag","embeddable":true,"href":"https:\/\/www.antifaschistische-linke.de\/index.php?rest_route=%2Fwp%2Fv2%2Ftags&post=2608"}],"curies":[{"name":"wp","href":"https:\/\/api.w.org\/{rel}","templated":true}]}}