{"id":2614,"date":"2014-01-17T23:53:12","date_gmt":"2014-01-17T22:53:12","guid":{"rendered":"http:\/\/www.antifaschistische-linke.de\/?p=2614"},"modified":"2014-01-17T23:53:12","modified_gmt":"2014-01-17T22:53:12","slug":"demonstration-in-freiburg-wegen-der-morde-an-den-kurdischen-aktivistinnen-in-paris-vor-einem-jahr","status":"publish","type":"post","link":"https:\/\/www.antifaschistische-linke.de\/?p=2614","title":{"rendered":"Demonstration in Freiburg wegen der Morde an den kurdischen Aktivistinnen in Paris vor einem Jahr"},"content":{"rendered":"<p><img decoding=\"async\" alt=\"\" src=\"http:\/\/www.antifaschistische-linke.de\/Bilder\/tatort-kurdistan.jpg\" width=\"55\" align=\"left\" \/><em>Freitag, 17.01.2014<\/em><br \/>\n<strong>Freiburg\/Paris.<\/strong> Am morgigen Samstag, den 18.Januar, findet in Freiburg eine Demonstration anl\u00e4sslich der <a href=\"http:\/\/www.nadir.org\/nadir\/initiativ\/isku\/hintergrund\/sakinefidanleyla\/index.htm\">Morde an den kurdischen Aktivistinnen Sakine Cans\u0131z, Fidan Do\u011fan und Leyla \u015eaylemez<\/a> statt. Die drei Genossinnen der kurdischen Bewegung waren <a href=\"http:\/\/www.antifaschistische-linke.de\/?p=2468\">vor einem Jahr am 9.Januar 2013<\/a> in den R\u00e4umen des Kurdischen Informationszentrums in Paris durch gezielte Kopfsch\u00fcsse hingerichtet worden. In Freiburg fand auch vor einem Jahr schon <a href=\"http:\/\/www.antifaschistische-linke.de\/?p=1355\">eine Gedenkdemonstration statt<\/a>, an der sich <a href=\"https:\/\/linksunten.indymedia.org\/de\/node\/76850\">rund 500 Kurden und Internationalisten<\/a> beteiligten. Treffpunkt morgen ist um 16 Uhr auf dem Kartoffelmarkt. Hoch die Internationale Solidarit\u00e4t!<\/p>\n","protected":false},"excerpt":{"rendered":"<p>Freitag, 17.01.2014 Freiburg\/Paris. Am morgigen Samstag, den 18.Januar, findet in Freiburg eine Demonstration anl\u00e4sslich der Morde an den kurdischen Aktivistinnen Sakine Cans\u0131z, Fidan Do\u011fan und Leyla \u015eaylemez statt. Die drei Genossinnen der kurdischen Bewegung waren vor einem Jahr am 9.Januar 2013 in den R\u00e4umen des Kurdischen Informationszentrums in Paris durch gezielte Kopfsch\u00fcsse hingerichtet worden. In [&hellip;]<\/p>\n","protected":false},"author":1,"featured_media":0,"comment_status":"closed","ping_status":"closed","sticky":false,"template":"","format":"standard","meta":[],"categories":[3,6,4],"tags":[28,409,13,881,12,408,528,91,14,410,50],"_links":{"self":[{"href":"https:\/\/www.antifaschistische-linke.de\/index.php?rest_route=\/wp\/v2\/posts\/2614"}],"collection":[{"href":"https:\/\/www.antifaschistische-linke.de\/index.php?rest_route=\/wp\/v2\/posts"}],"about":[{"href":"https:\/\/www.antifaschistische-linke.de\/index.php?rest_route=\/wp\/v2\/types\/post"}],"author":[{"embeddable":true,"href":"https:\/\/www.antifaschistische-linke.de\/index.php?rest_route=\/wp\/v2\/users\/1"}],"replies":[{"embeddable":true,"href":"https:\/\/www.antifaschistische-linke.de\/index.php?rest_route=%2Fwp%2Fv2%2Fcomments&post=2614"}],"version-history":[{"count":0,"href":"https:\/\/www.antifaschistische-linke.de\/index.php?rest_route=\/wp\/v2\/posts\/2614\/revisions"}],"wp:attachment":[{"href":"https:\/\/www.antifaschistische-linke.de\/index.php?rest_route=%2Fwp%2Fv2%2Fmedia&parent=2614"}],"wp:term":[{"taxonomy":"category","embeddable":true,"href":"https:\/\/www.antifaschistische-linke.de\/index.php?rest_route=%2Fwp%2Fv2%2Fcategories&post=2614"},{"taxonomy":"post_tag","embeddable":true,"href":"https:\/\/www.antifaschistische-linke.de\/index.php?rest_route=%2Fwp%2Fv2%2Ftags&post=2614"}],"curies":[{"name":"wp","href":"https:\/\/api.w.org\/{rel}","templated":true}]}}